{"id":10041,"date":"2024-03-13T20:00:00","date_gmt":"2024-03-14T02:00:00","guid":{"rendered":"https:\/\/cronicadesoledad.com\/?p=10041"},"modified":"2024-03-13T18:40:33","modified_gmt":"2024-03-14T00:40:33","slug":"en-febrero-se-repararon-mas-de-500-luminarias-led","status":"publish","type":"post","link":"https:\/\/cronicadesoledad.com\/index.php\/2024\/03\/13\/en-febrero-se-repararon-mas-de-500-luminarias-led\/","title":{"rendered":"En febrero se repararon m\u00e1s de 500 luminarias LED"},"content":{"rendered":"\n<p>Con el prop\u00f3sito de mantener iluminadas y seguras las calles de Soledad de Graciano S\u00e1nchez, la Direcci\u00f3n de Servicios Municipales del Gobierno Municipal, a trav\u00e9s del \u00e1rea de Alumbrado P\u00fablico, hace un llamado a las y los soledenses a participar activamente en la identificaci\u00f3n de luminarias que requieran rehabilitaci\u00f3n y reportarlas a la dependencia para su reparaci\u00f3n.<\/p>\n\n\n\n<p>De acuerdo a informaci\u00f3n registrada por esta \u00e1rea, gracias a la colaboraci\u00f3n oportuna de la ciudadan\u00eda, durante el mes de febrero se repararon m\u00e1s de 500 luminarias LED y de sodio, las cuales correspondieron a aproximadamente 72 colonias del municipio.<\/p>\n\n\n\n<p>Asimismo, durante el mes antes se\u00f1alado, se atendieron de manera r\u00e1pida cerca de 150 reportes de luminarias descompuestas lo que asegur\u00f3 que las calles permanezcan iluminadas, contribuyendo as\u00ed a la seguridad y calidad de vida de las y los soledenses.<\/p>\n\n\n\n<p>Para facilitar este proceso, se ha habilitado el n\u00famero telef\u00f3nico 444 151-04-28, n\u00famero en el que las y los ciudadanos pueden reportar cualquier falla en las luminarias, as\u00ed como resolver dudas o solicitar aclaraciones sobre este servicio.<\/p>\n","protected":false},"excerpt":{"rendered":"<p>Con el prop\u00f3sito de mantener iluminadas y seguras las calles de Soledad de Graciano S\u00e1nchez, la Direcci\u00f3n de Servicios Municipales del Gobierno Municipal, a trav\u00e9s del \u00e1rea de Alumbrado P\u00fablico, hace un llamado a las y los soledenses a participar activamente en la identificaci\u00f3n de luminarias que requieran rehabilitaci\u00f3n y reportarlas a la dependencia para [&hellip;]<\/p>\n","protected":false},"author":2,"featured_media":10042,"comment_status":"open","ping_status":"open","sticky":false,"template":"","format":"standard","meta":{"footnotes":""},"categories":[24,21],"tags":[223,1942,1939,1231,1941,294,261,27],"class_list":{"0":"post-10041","1":"post","2":"type-post","3":"status-publish","4":"format-standard","5":"has-post-thumbnail","7":"category-informacion-general","8":"category-tu-soledad","9":"tag-ayuntamiento-soledense","10":"tag-febrero","11":"tag-luminarias","12":"tag-luminarias-led","13":"tag-reparacion-2","14":"tag-san-luis","15":"tag-slp","16":"tag-soledad"},"_links":{"self":[{"href":"https:\/\/cronicadesoledad.com\/index.php\/wp-json\/wp\/v2\/posts\/10041","targetHints":{"allow":["GET"]}}],"collection":[{"href":"https:\/\/cronicadesoledad.com\/index.php\/wp-json\/wp\/v2\/posts"}],"about":[{"href":"https:\/\/cronicadesoledad.com\/index.php\/wp-json\/wp\/v2\/types\/post"}],"author":[{"embeddable":true,"href":"https:\/\/cronicadesoledad.com\/index.php\/wp-json\/wp\/v2\/users\/2"}],"replies":[{"embeddable":true,"href":"https:\/\/cronicadesoledad.com\/index.php\/wp-json\/wp\/v2\/comments?post=10041"}],"version-history":[{"count":1,"href":"https:\/\/cronicadesoledad.com\/index.php\/wp-json\/wp\/v2\/posts\/10041\/revisions"}],"predecessor-version":[{"id":10043,"href":"https:\/\/cronicadesoledad.com\/index.php\/wp-json\/wp\/v2\/posts\/10041\/revisions\/10043"}],"wp:featuredmedia":[{"embeddable":true,"href":"https:\/\/cronicadesoledad.com\/index.php\/wp-json\/wp\/v2\/media\/10042"}],"wp:attachment":[{"href":"https:\/\/cronicadesoledad.com\/index.php\/wp-json\/wp\/v2\/media?parent=10041"}],"wp:term":[{"taxonomy":"category","embeddable":true,"href":"https:\/\/cronicadesoledad.com\/index.php\/wp-json\/wp\/v2\/categories?post=10041"},{"taxonomy":"post_tag","embeddable":true,"href":"https:\/\/cronicadesoledad.com\/index.php\/wp-json\/wp\/v2\/tags?post=10041"}],"curies":[{"name":"wp","href":"https:\/\/api.w.org\/{rel}","templated":true}]}}