{"id":10058,"date":"2024-03-14T19:00:00","date_gmt":"2024-03-15T01:00:00","guid":{"rendered":"https:\/\/cronicadesoledad.com\/?p=10058"},"modified":"2024-03-14T18:46:12","modified_gmt":"2024-03-15T00:46:12","slug":"asesinan-a-sujeto-en-su-vivienda","status":"publish","type":"post","link":"https:\/\/cronicadesoledad.com\/index.php\/2024\/03\/14\/asesinan-a-sujeto-en-su-vivienda\/","title":{"rendered":"Asesinan a sujeto en su vivienda"},"content":{"rendered":"\n<p>Durante la noche del mi\u00e9rcoles, un hombre fue asesinado a balazos al interior de su vivienda, ubicada en la colonia 21 de Marzo.<\/p>\n\n\n\n<p>Los hechos se suscitaron alrededor de las 20:30 de la noche de ayer, en la calle Emiliano Zapata de la citada colonia, cuando varios sujetos armados irrumpieron en una vivienda y directamente descargaron sus armas en contra de un morador del sexo masculino.<\/p>\n\n\n\n<p>Tras el ataque, los sicarios huyeron a borde de un veh\u00edculo con rumbo desconocido, tras las llamadas los n\u00fameros de emergencia se implement\u00f3 un intenso operativo que moviliz\u00f3 patullas de la Polic\u00eda Municipal de Soledad, as\u00ed como de la Guardia Civil del Estado (GCE) que implementaron varios filtros alrededor del \u00e1rea para dar con el paradero de los responsables, b\u00fasqueda que result\u00f3 infructuosa.<\/p>\n\n\n\n<p>Al lugar, adem\u00e1s de decenas de polic\u00edas, acudieron param\u00e9dicos que tras valorar a la v\u00edctima determinaron que ya no se encontraba con signos vitales, por lo cual arribaron elementos de la Polic\u00eda de Investigaci\u00f3n (PDI) y peritos para iniciar las investigaciones y levantar pruebas periciales para deslindar responsabilidades, as\u00ed mismo personal del Servicio M\u00e9dico legal (Semele) realiz\u00f3 el levantamiento del cuerpo para trasladarlo a sus instalaciones para practicarle la necropsia de ley.<\/p>\n","protected":false},"excerpt":{"rendered":"<p>Durante la noche del mi\u00e9rcoles, un hombre fue asesinado a balazos al interior de su vivienda, ubicada en la colonia 21 de Marzo. Los hechos se suscitaron alrededor de las 20:30 de la noche de ayer, en la calle Emiliano Zapata de la citada colonia, cuando varios sujetos armados irrumpieron en una vivienda y directamente [&hellip;]<\/p>\n","protected":false},"author":2,"featured_media":10059,"comment_status":"open","ping_status":"open","sticky":false,"template":"","format":"standard","meta":{"footnotes":""},"categories":[24,19,21],"tags":[1954,369,1512,368,1835,1836,294,276,261,27],"class_list":{"0":"post-10058","1":"post","2":"type-post","3":"status-publish","4":"format-standard","5":"has-post-thumbnail","7":"category-informacion-general","8":"category-seguridad","9":"category-tu-soledad","10":"tag-21-de-marzo","11":"tag-asesinato","12":"tag-homicidio","13":"tag-inseguridad","14":"tag-policia-2","15":"tag-policiaca-3","16":"tag-san-luis","17":"tag-seguridad","18":"tag-slp","19":"tag-soledad"},"_links":{"self":[{"href":"https:\/\/cronicadesoledad.com\/index.php\/wp-json\/wp\/v2\/posts\/10058","targetHints":{"allow":["GET"]}}],"collection":[{"href":"https:\/\/cronicadesoledad.com\/index.php\/wp-json\/wp\/v2\/posts"}],"about":[{"href":"https:\/\/cronicadesoledad.com\/index.php\/wp-json\/wp\/v2\/types\/post"}],"author":[{"embeddable":true,"href":"https:\/\/cronicadesoledad.com\/index.php\/wp-json\/wp\/v2\/users\/2"}],"replies":[{"embeddable":true,"href":"https:\/\/cronicadesoledad.com\/index.php\/wp-json\/wp\/v2\/comments?post=10058"}],"version-history":[{"count":2,"href":"https:\/\/cronicadesoledad.com\/index.php\/wp-json\/wp\/v2\/posts\/10058\/revisions"}],"predecessor-version":[{"id":10061,"href":"https:\/\/cronicadesoledad.com\/index.php\/wp-json\/wp\/v2\/posts\/10058\/revisions\/10061"}],"wp:featuredmedia":[{"embeddable":true,"href":"https:\/\/cronicadesoledad.com\/index.php\/wp-json\/wp\/v2\/media\/10059"}],"wp:attachment":[{"href":"https:\/\/cronicadesoledad.com\/index.php\/wp-json\/wp\/v2\/media?parent=10058"}],"wp:term":[{"taxonomy":"category","embeddable":true,"href":"https:\/\/cronicadesoledad.com\/index.php\/wp-json\/wp\/v2\/categories?post=10058"},{"taxonomy":"post_tag","embeddable":true,"href":"https:\/\/cronicadesoledad.com\/index.php\/wp-json\/wp\/v2\/tags?post=10058"}],"curies":[{"name":"wp","href":"https:\/\/api.w.org\/{rel}","templated":true}]}}