{"id":10065,"date":"2024-03-14T21:00:00","date_gmt":"2024-03-15T03:00:00","guid":{"rendered":"https:\/\/cronicadesoledad.com\/?p=10065"},"modified":"2024-03-14T18:49:20","modified_gmt":"2024-03-15T00:49:20","slug":"dif-soledense-procura-la-salud-mental-con-talleres","status":"publish","type":"post","link":"https:\/\/cronicadesoledad.com\/index.php\/2024\/03\/14\/dif-soledense-procura-la-salud-mental-con-talleres\/","title":{"rendered":"DIF soledense procura la salud mental con talleres"},"content":{"rendered":"\n<p>El Gobierno Municipal de Soledad de Graciano S\u00e1nchez, a trav\u00e9s del Sistema Municipal para el Desarrollo Integral de la Familia (DIF), efectu\u00f3 este mi\u00e9rcoles el taller de relajaci\u00f3n y salud mental &#8220;Aprende a Relajarte&#8221; en el Auditorio de sus instalaciones, buscando promover t\u00e9cnicas de equilibrio saludable entre las y los ciudadanos, adem\u00e1s de proporcionar herramientas para el manejo del estr\u00e9s cotidiano.<\/p>\n\n\n\n<p>La psic\u00f3loga Anatolia Rosales Loredo fue la encargada de impartir este taller, centr\u00e1ndose en la t\u00e9cnica de relajaci\u00f3n muscular progresiva, un m\u00e9todo reconocido por su eficacia en la reducci\u00f3n del estr\u00e9s y la ansiedad, y en donde su experiencia y conocimientos en el \u00e1rea hicieron de este evento un espacio de aprendizaje y pr\u00e1ctica valioso para las y los asistentes.<\/p>\n\n\n\n<p>La respuesta de poblaci\u00f3n fue notablemente positiva, manifestando un inter\u00e9s en las y los participantes que abarc\u00f3 tanto a personas adultas mayores como a ni\u00f1as y ni\u00f1os, lo que demuestra la creciente conciencia sobre la importancia del cuidado de la salud mental y el bienestar personal.<\/p>\n\n\n\n<p>El Sistema DIF de Soledad, se encuentra ubicado en calle Huerta del Nogal #231, fraccionamiento San Gerardo, aqu\u00ed todas y todos pueden acercarse a consultar los talleres y servicios que se ofrecen, tambi\u00e9n pueden comunicarse al n\u00famero 444 831-16-54, facilitando el acceso a informaci\u00f3n relevante y oportuna.<\/p>\n","protected":false},"excerpt":{"rendered":"<p>El Gobierno Municipal de Soledad de Graciano S\u00e1nchez, a trav\u00e9s del Sistema Municipal para el Desarrollo Integral de la Familia (DIF), efectu\u00f3 este mi\u00e9rcoles el taller de relajaci\u00f3n y salud mental &#8220;Aprende a Relajarte&#8221; en el Auditorio de sus instalaciones, buscando promover t\u00e9cnicas de equilibrio saludable entre las y los ciudadanos, adem\u00e1s de proporcionar herramientas [&hellip;]<\/p>\n","protected":false},"author":2,"featured_media":10066,"comment_status":"open","ping_status":"open","sticky":false,"template":"","format":"standard","meta":{"footnotes":""},"categories":[24,21],"tags":[223,387,499,427,1955,269,1549,294,261,27,366],"class_list":{"0":"post-10065","1":"post","2":"type-post","3":"status-publish","4":"format-standard","5":"has-post-thumbnail","7":"category-informacion-general","8":"category-tu-soledad","9":"tag-ayuntamiento-soledense","10":"tag-dif","11":"tag-dif-municipal","12":"tag-dif-soledense","13":"tag-mental","14":"tag-salud","15":"tag-salud-mental","16":"tag-san-luis","17":"tag-slp","18":"tag-soledad","19":"tag-talleres"},"_links":{"self":[{"href":"https:\/\/cronicadesoledad.com\/index.php\/wp-json\/wp\/v2\/posts\/10065","targetHints":{"allow":["GET"]}}],"collection":[{"href":"https:\/\/cronicadesoledad.com\/index.php\/wp-json\/wp\/v2\/posts"}],"about":[{"href":"https:\/\/cronicadesoledad.com\/index.php\/wp-json\/wp\/v2\/types\/post"}],"author":[{"embeddable":true,"href":"https:\/\/cronicadesoledad.com\/index.php\/wp-json\/wp\/v2\/users\/2"}],"replies":[{"embeddable":true,"href":"https:\/\/cronicadesoledad.com\/index.php\/wp-json\/wp\/v2\/comments?post=10065"}],"version-history":[{"count":1,"href":"https:\/\/cronicadesoledad.com\/index.php\/wp-json\/wp\/v2\/posts\/10065\/revisions"}],"predecessor-version":[{"id":10067,"href":"https:\/\/cronicadesoledad.com\/index.php\/wp-json\/wp\/v2\/posts\/10065\/revisions\/10067"}],"wp:featuredmedia":[{"embeddable":true,"href":"https:\/\/cronicadesoledad.com\/index.php\/wp-json\/wp\/v2\/media\/10066"}],"wp:attachment":[{"href":"https:\/\/cronicadesoledad.com\/index.php\/wp-json\/wp\/v2\/media?parent=10065"}],"wp:term":[{"taxonomy":"category","embeddable":true,"href":"https:\/\/cronicadesoledad.com\/index.php\/wp-json\/wp\/v2\/categories?post=10065"},{"taxonomy":"post_tag","embeddable":true,"href":"https:\/\/cronicadesoledad.com\/index.php\/wp-json\/wp\/v2\/tags?post=10065"}],"curies":[{"name":"wp","href":"https:\/\/api.w.org\/{rel}","templated":true}]}}