{"id":10068,"date":"2024-03-15T18:00:00","date_gmt":"2024-03-16T00:00:00","guid":{"rendered":"https:\/\/cronicadesoledad.com\/?p=10068"},"modified":"2024-03-15T17:30:11","modified_gmt":"2024-03-15T23:30:11","slug":"promete-ruth-apoyo-a-familias-soledenses","status":"publish","type":"post","link":"https:\/\/cronicadesoledad.com\/index.php\/2024\/03\/15\/promete-ruth-apoyo-a-familias-soledenses\/","title":{"rendered":"Promete Ruth apoyo a familias soledenses"},"content":{"rendered":"\n<p>\u201cHace 15 a\u00f1os, el pueblo soledense termin\u00f3 con la herencia maldita y opt\u00f3 por un proyecto social de gobierno incluyente y, desde el Senado, dar\u00e9 mi apoyo total a Soledad de Graciano S\u00e1nchez para que siga forjando su camino de igualdad y progreso\u201d, afirm\u00f3 Ruth Gonz\u00e1lez Silva en recorridos por este municipio.<\/p>\n\n\n\n<p>En su segundo recorrido por colonias de Soledad de Graciano S\u00e1nchez, Ruth Gonz\u00e1lez se encontr\u00f3 con cientos de familias agradecidas y comprometidas con el gobierno del cambio, que en 2021 abri\u00f3 la llave de los recursos p\u00fablicos estatales que durante d\u00e9cadas estuvo cerrada.<\/p>\n\n\n\n<p>\u201cVeo rostros de familias que ya son mi familia, veo a mujeres, hombres, j\u00f3venes y adultos mayores que pueden dar fe de los grandes cambios a su calidad de vida que el Gobernador hizo desde que fue alcalde. Ahora, desde el Senado reforzaremos los grandes cambios que se impulsan desde el Gobierno del Estado\u201d expres\u00f3 la candidata del Partido Verde Ecologista de M\u00e9xico (PVEM) al Senado de la Rep\u00fablica.<\/p>\n\n\n\n<p>Calurosas bienvenida dieron familias de las colonias San Luis 1, La Lomita y Pav\u00f3n a la candidata, quien expres\u00f3: \u201cel impulso que el Gobierno del cambio ha dado a Soledad de Graciano S\u00e1nchez ha logrado posicionarlo como uno de los principales del pa\u00eds, por lo que es necesario gestionar, desde el Senado, los recursos para continuar la mejor\u00eda a la calidad de vida de sus habitantes.<\/p>\n\n\n\n<p>La candidata del Partido Verde estuvo acompa\u00f1ada por su compa\u00f1ero de f\u00f3rmula al Senado, Gilberto Hern\u00e1ndez Villafuerte, y Jos\u00e9 Luis Fern\u00e1ndez Mart\u00ednez, candidato a diputado por el segundo Distrito federal.<\/p>\n","protected":false},"excerpt":{"rendered":"<p>\u201cHace 15 a\u00f1os, el pueblo soledense termin\u00f3 con la herencia maldita y opt\u00f3 por un proyecto social de gobierno incluyente y, desde el Senado, dar\u00e9 mi apoyo total a Soledad de Graciano S\u00e1nchez para que siga forjando su camino de igualdad y progreso\u201d, afirm\u00f3 Ruth Gonz\u00e1lez Silva en recorridos por este municipio. En su segundo [&hellip;]<\/p>\n","protected":false},"author":2,"featured_media":10069,"comment_status":"open","ping_status":"open","sticky":false,"template":"","format":"standard","meta":{"footnotes":""},"categories":[1,24,21],"tags":[1122,446,1767,1896,259,1956,620,1957,1506,388,294,261,27],"class_list":{"0":"post-10068","1":"post","2":"type-post","3":"status-publish","4":"format-standard","5":"has-post-thumbnail","7":"category-destacadas","8":"category-informacion-general","9":"category-tu-soledad","10":"tag-1122","11":"tag-apoyo","12":"tag-apoyo-a-familias","13":"tag-elecciones","14":"tag-elecciones-2024","15":"tag-familias-soledenses","16":"tag-partido-verde","17":"tag-partido-verde-ecologista-de-mexico-2","18":"tag-pvem","19":"tag-ruth-gonzalez-silva","20":"tag-san-luis","21":"tag-slp","22":"tag-soledad"},"_links":{"self":[{"href":"https:\/\/cronicadesoledad.com\/index.php\/wp-json\/wp\/v2\/posts\/10068","targetHints":{"allow":["GET"]}}],"collection":[{"href":"https:\/\/cronicadesoledad.com\/index.php\/wp-json\/wp\/v2\/posts"}],"about":[{"href":"https:\/\/cronicadesoledad.com\/index.php\/wp-json\/wp\/v2\/types\/post"}],"author":[{"embeddable":true,"href":"https:\/\/cronicadesoledad.com\/index.php\/wp-json\/wp\/v2\/users\/2"}],"replies":[{"embeddable":true,"href":"https:\/\/cronicadesoledad.com\/index.php\/wp-json\/wp\/v2\/comments?post=10068"}],"version-history":[{"count":1,"href":"https:\/\/cronicadesoledad.com\/index.php\/wp-json\/wp\/v2\/posts\/10068\/revisions"}],"predecessor-version":[{"id":10070,"href":"https:\/\/cronicadesoledad.com\/index.php\/wp-json\/wp\/v2\/posts\/10068\/revisions\/10070"}],"wp:featuredmedia":[{"embeddable":true,"href":"https:\/\/cronicadesoledad.com\/index.php\/wp-json\/wp\/v2\/media\/10069"}],"wp:attachment":[{"href":"https:\/\/cronicadesoledad.com\/index.php\/wp-json\/wp\/v2\/media?parent=10068"}],"wp:term":[{"taxonomy":"category","embeddable":true,"href":"https:\/\/cronicadesoledad.com\/index.php\/wp-json\/wp\/v2\/categories?post=10068"},{"taxonomy":"post_tag","embeddable":true,"href":"https:\/\/cronicadesoledad.com\/index.php\/wp-json\/wp\/v2\/tags?post=10068"}],"curies":[{"name":"wp","href":"https:\/\/api.w.org\/{rel}","templated":true}]}}