{"id":10077,"date":"2024-03-15T21:00:00","date_gmt":"2024-03-16T03:00:00","guid":{"rendered":"https:\/\/cronicadesoledad.com\/?p=10077"},"modified":"2024-03-15T17:39:21","modified_gmt":"2024-03-15T23:39:21","slug":"fomentan-oportunidades-de-empleo-para-adultos-mayores","status":"publish","type":"post","link":"https:\/\/cronicadesoledad.com\/index.php\/2024\/03\/15\/fomentan-oportunidades-de-empleo-para-adultos-mayores\/","title":{"rendered":"Fomentan oportunidades de empleo para adultos mayores"},"content":{"rendered":"\n<p>La Coordinaci\u00f3n Municipal de Atenci\u00f3n al Adulto Mayor de Soledad de Graciano S\u00e1nchez invita a todas y todos aquellos personas de la tercera edad, interesadas en incorporarse al campo laboral a solicitar el tr\u00e1mite de carta laboral en las oficinas de esta dependencia ubicadas en Negrete #106 en Cabecera Municipal.<\/p>\n\n\n\n<p>Esta iniciativa busca brindar oportunidades de empleo a este sector de la poblaci\u00f3n, y reconocer y valorar la experiencia y habilidades que pueden aportar al entorno profesional, por ello esta carta laboral se les otorga de manera completamente gratuita, ya que es un documento crucial para su incursi\u00f3n o reincorporaci\u00f3n en el mercado de trabajo.<\/p>\n\n\n\n<p>Para obtener este documento, las y los solicitantes deben presentar la credencial del Instituto Nacional de las Personas Adultas Mayores (INAPAM), una fotograf\u00eda actualizada y su credencial del Instituto Nacional Electoral (INE).<\/p>\n\n\n\n<p>Asimismo, esta \u00e1rea municipal, las y los puede canalizar a algunas tiendas departamentales que ofrecen empleo de cajeros, personal de atenci\u00f3n al cliente y empacadores en supermercados, en entornos de trabajo seguros y accesibles que promueven la interacci\u00f3n social y el mantenimiento de una rutina saludable.<\/p>\n","protected":false},"excerpt":{"rendered":"<p>La Coordinaci\u00f3n Municipal de Atenci\u00f3n al Adulto Mayor de Soledad de Graciano S\u00e1nchez invita a todas y todos aquellos personas de la tercera edad, interesadas en incorporarse al campo laboral a solicitar el tr\u00e1mite de carta laboral en las oficinas de esta dependencia ubicadas en Negrete #106 en Cabecera Municipal. Esta iniciativa busca brindar oportunidades [&hellip;]<\/p>\n","protected":false},"author":2,"featured_media":10078,"comment_status":"open","ping_status":"open","sticky":false,"template":"","format":"standard","meta":{"footnotes":""},"categories":[24,21],"tags":[681,223,1765,1960,294,261,27],"class_list":{"0":"post-10077","1":"post","2":"type-post","3":"status-publish","4":"format-standard","5":"has-post-thumbnail","7":"category-informacion-general","8":"category-tu-soledad","9":"tag-adultos-mayores","10":"tag-ayuntamiento-soledense","11":"tag-empleo","12":"tag-inapam","13":"tag-san-luis","14":"tag-slp","15":"tag-soledad"},"_links":{"self":[{"href":"https:\/\/cronicadesoledad.com\/index.php\/wp-json\/wp\/v2\/posts\/10077","targetHints":{"allow":["GET"]}}],"collection":[{"href":"https:\/\/cronicadesoledad.com\/index.php\/wp-json\/wp\/v2\/posts"}],"about":[{"href":"https:\/\/cronicadesoledad.com\/index.php\/wp-json\/wp\/v2\/types\/post"}],"author":[{"embeddable":true,"href":"https:\/\/cronicadesoledad.com\/index.php\/wp-json\/wp\/v2\/users\/2"}],"replies":[{"embeddable":true,"href":"https:\/\/cronicadesoledad.com\/index.php\/wp-json\/wp\/v2\/comments?post=10077"}],"version-history":[{"count":1,"href":"https:\/\/cronicadesoledad.com\/index.php\/wp-json\/wp\/v2\/posts\/10077\/revisions"}],"predecessor-version":[{"id":10079,"href":"https:\/\/cronicadesoledad.com\/index.php\/wp-json\/wp\/v2\/posts\/10077\/revisions\/10079"}],"wp:featuredmedia":[{"embeddable":true,"href":"https:\/\/cronicadesoledad.com\/index.php\/wp-json\/wp\/v2\/media\/10078"}],"wp:attachment":[{"href":"https:\/\/cronicadesoledad.com\/index.php\/wp-json\/wp\/v2\/media?parent=10077"}],"wp:term":[{"taxonomy":"category","embeddable":true,"href":"https:\/\/cronicadesoledad.com\/index.php\/wp-json\/wp\/v2\/categories?post=10077"},{"taxonomy":"post_tag","embeddable":true,"href":"https:\/\/cronicadesoledad.com\/index.php\/wp-json\/wp\/v2\/tags?post=10077"}],"curies":[{"name":"wp","href":"https:\/\/api.w.org\/{rel}","templated":true}]}}