{"id":10110,"date":"2024-03-25T03:00:00","date_gmt":"2024-03-25T09:00:00","guid":{"rendered":"https:\/\/cronicadesoledad.com\/?p=10110"},"modified":"2024-03-25T00:15:50","modified_gmt":"2024-03-25T06:15:50","slug":"doble-asesinato-en-la-calle-carmelo-tenario","status":"publish","type":"post","link":"https:\/\/cronicadesoledad.com\/index.php\/2024\/03\/25\/doble-asesinato-en-la-calle-carmelo-tenario\/","title":{"rendered":"Doble asesinato en la calle Carmelo Tenario"},"content":{"rendered":"\n<p>La noche del pasado martes, un violento suceso sacudi\u00f3 la tranquilidad de la colonia Roberto Cervantes, en el municipio de Soledad de Graciano S\u00e1nchez. Un grupo de individuos armados irrumpi\u00f3 en un domicilio ubicado en la calle Carmelo Tenario con el objetivo claro de segar las vidas de dos personas.<\/p>\n\n\n\n<p>El reloj marcaba poco despu\u00e9s de las 20:00 horas cuando los agresores, sin titubear, desataron una r\u00e1faga de disparos que arrebat\u00f3 la vida de las v\u00edctimas. Detalles adicionales sobre los fallecidos no fueron proporcionados en el momento.<\/p>\n\n\n\n<p>A pesar de la r\u00e1pida respuesta del servicio de emergencias, lamentablemente, nada se pudo hacer por salvar a los afectados. El personal de Servicios Periciales se vio obligado a intervenir, recolectando evidencia y procediendo con el levantamiento de los cuerpos sin vida.<\/p>\n\n\n\n<p>Mientras tanto, la b\u00fasqueda de los responsables se activ\u00f3 con la colaboraci\u00f3n de datos proporcionados por testigos cercanos al lugar del ataque, aunque hasta el momento no se han obtenido resultados positivos por parte de la Polic\u00eda de Investigaci\u00f3n.<\/p>\n","protected":false},"excerpt":{"rendered":"<p>La noche del pasado martes, un violento suceso sacudi\u00f3 la tranquilidad de la colonia Roberto Cervantes, en el municipio de Soledad de Graciano S\u00e1nchez. Un grupo de individuos armados irrumpi\u00f3 en un domicilio ubicado en la calle Carmelo Tenario con el objetivo claro de segar las vidas de dos personas. El reloj marcaba poco despu\u00e9s [&hellip;]<\/p>\n","protected":false},"author":2,"featured_media":10111,"comment_status":"open","ping_status":"open","sticky":false,"template":"","format":"standard","meta":{"footnotes":""},"categories":[1,24,19,21],"tags":[369,1973,1512,368,1836,294,276,261,27],"class_list":{"0":"post-10110","1":"post","2":"type-post","3":"status-publish","4":"format-standard","5":"has-post-thumbnail","7":"category-destacadas","8":"category-informacion-general","9":"category-seguridad","10":"category-tu-soledad","11":"tag-asesinato","12":"tag-doble-homicidio","13":"tag-homicidio","14":"tag-inseguridad","15":"tag-policiaca-3","16":"tag-san-luis","17":"tag-seguridad","18":"tag-slp","19":"tag-soledad"},"_links":{"self":[{"href":"https:\/\/cronicadesoledad.com\/index.php\/wp-json\/wp\/v2\/posts\/10110","targetHints":{"allow":["GET"]}}],"collection":[{"href":"https:\/\/cronicadesoledad.com\/index.php\/wp-json\/wp\/v2\/posts"}],"about":[{"href":"https:\/\/cronicadesoledad.com\/index.php\/wp-json\/wp\/v2\/types\/post"}],"author":[{"embeddable":true,"href":"https:\/\/cronicadesoledad.com\/index.php\/wp-json\/wp\/v2\/users\/2"}],"replies":[{"embeddable":true,"href":"https:\/\/cronicadesoledad.com\/index.php\/wp-json\/wp\/v2\/comments?post=10110"}],"version-history":[{"count":2,"href":"https:\/\/cronicadesoledad.com\/index.php\/wp-json\/wp\/v2\/posts\/10110\/revisions"}],"predecessor-version":[{"id":10145,"href":"https:\/\/cronicadesoledad.com\/index.php\/wp-json\/wp\/v2\/posts\/10110\/revisions\/10145"}],"wp:featuredmedia":[{"embeddable":true,"href":"https:\/\/cronicadesoledad.com\/index.php\/wp-json\/wp\/v2\/media\/10111"}],"wp:attachment":[{"href":"https:\/\/cronicadesoledad.com\/index.php\/wp-json\/wp\/v2\/media?parent=10110"}],"wp:term":[{"taxonomy":"category","embeddable":true,"href":"https:\/\/cronicadesoledad.com\/index.php\/wp-json\/wp\/v2\/categories?post=10110"},{"taxonomy":"post_tag","embeddable":true,"href":"https:\/\/cronicadesoledad.com\/index.php\/wp-json\/wp\/v2\/tags?post=10110"}],"curies":[{"name":"wp","href":"https:\/\/api.w.org\/{rel}","templated":true}]}}