{"id":10113,"date":"2024-03-20T20:00:00","date_gmt":"2024-03-21T02:00:00","guid":{"rendered":"https:\/\/cronicadesoledad.com\/?p=10113"},"modified":"2024-03-20T18:44:14","modified_gmt":"2024-03-21T00:44:14","slug":"invitan-a-taller-gratuito-para-emprendimiento","status":"publish","type":"post","link":"https:\/\/cronicadesoledad.com\/index.php\/2024\/03\/20\/invitan-a-taller-gratuito-para-emprendimiento\/","title":{"rendered":"Invitan a taller gratuito para emprendimiento"},"content":{"rendered":"\n<p>A fin de fomentar el emprendimiento y el autoempleo entre las y los soledenses, el Gobierno Municipal de Soledad de Graciano S\u00e1nchez, a trav\u00e9s del Instituto Municipal de la juventud invita a la ciudadan\u00eda a participar en el Taller Emprende, donde se obtendr\u00e1n todas las herramientas y conocimientos necesarios para el desarrollo de negocios exitosos.<\/p>\n\n\n\n<p>Este taller es un programa de capacitaci\u00f3n para quien desee iniciar o mejorar una idea de negocio o auto emplearse, por medio de la instrucci\u00f3n de expertos en temas empresariales, adem\u00e1s de contar con la experiencia de emprendedores que compartir\u00e1n sus ideas de negocio y c\u00f3mo lograron convertirlas en grandes fuentes de ingresos.<\/p>\n\n\n\n<p>El programa de capacitaci\u00f3n est\u00e1 dividido en cinco m\u00f3dulos enfocados en el desarrollo humano y equidad de g\u00e9nero, administraci\u00f3n y mercadotecnia, finanzas, aspectos fiscales y legales, ventas y servicio al cliente, as\u00ed como responsabilidad social empresarial; esto, permitir\u00e1 a los futuros emprendedores desarrollar su primer plan de negocios con acompa\u00f1amiento en tiempo real durante todo el taller.<\/p>\n\n\n\n<p>El taller Emprende se impartir\u00e1 en la modalidad en l\u00ednea a partir del 8 de abril hasta el 10 de mayo, de lunes a viernes en un horario de 19:00 a 21:00 horas de forma gratuita. Para inscribirse y obtener el enlace de acceso, as\u00ed como mayor informaci\u00f3n el Instituto Municipal de la Juventud pone a disposici\u00f3n el correo electr\u00f3nico imjsoledad@gmail.com o brindar atenci\u00f3n personal en sus oficinas ubicadas en Avenida Bellavista #1049 en la colonia Villas de San Lorenzo.<\/p>\n","protected":false},"excerpt":{"rendered":"<p>A fin de fomentar el emprendimiento y el autoempleo entre las y los soledenses, el Gobierno Municipal de Soledad de Graciano S\u00e1nchez, a trav\u00e9s del Instituto Municipal de la juventud invita a la ciudadan\u00eda a participar en el Taller Emprende, donde se obtendr\u00e1n todas las herramientas y conocimientos necesarios para el desarrollo de negocios exitosos. [&hellip;]<\/p>\n","protected":false},"author":2,"featured_media":10114,"comment_status":"open","ping_status":"open","sticky":false,"template":"","format":"standard","meta":{"footnotes":""},"categories":[24,21],"tags":[223,1974,294,261,27,366],"class_list":{"0":"post-10113","1":"post","2":"type-post","3":"status-publish","4":"format-standard","5":"has-post-thumbnail","7":"category-informacion-general","8":"category-tu-soledad","9":"tag-ayuntamiento-soledense","10":"tag-emprendimiento","11":"tag-san-luis","12":"tag-slp","13":"tag-soledad","14":"tag-talleres"},"_links":{"self":[{"href":"https:\/\/cronicadesoledad.com\/index.php\/wp-json\/wp\/v2\/posts\/10113","targetHints":{"allow":["GET"]}}],"collection":[{"href":"https:\/\/cronicadesoledad.com\/index.php\/wp-json\/wp\/v2\/posts"}],"about":[{"href":"https:\/\/cronicadesoledad.com\/index.php\/wp-json\/wp\/v2\/types\/post"}],"author":[{"embeddable":true,"href":"https:\/\/cronicadesoledad.com\/index.php\/wp-json\/wp\/v2\/users\/2"}],"replies":[{"embeddable":true,"href":"https:\/\/cronicadesoledad.com\/index.php\/wp-json\/wp\/v2\/comments?post=10113"}],"version-history":[{"count":1,"href":"https:\/\/cronicadesoledad.com\/index.php\/wp-json\/wp\/v2\/posts\/10113\/revisions"}],"predecessor-version":[{"id":10115,"href":"https:\/\/cronicadesoledad.com\/index.php\/wp-json\/wp\/v2\/posts\/10113\/revisions\/10115"}],"wp:featuredmedia":[{"embeddable":true,"href":"https:\/\/cronicadesoledad.com\/index.php\/wp-json\/wp\/v2\/media\/10114"}],"wp:attachment":[{"href":"https:\/\/cronicadesoledad.com\/index.php\/wp-json\/wp\/v2\/media?parent=10113"}],"wp:term":[{"taxonomy":"category","embeddable":true,"href":"https:\/\/cronicadesoledad.com\/index.php\/wp-json\/wp\/v2\/categories?post=10113"},{"taxonomy":"post_tag","embeddable":true,"href":"https:\/\/cronicadesoledad.com\/index.php\/wp-json\/wp\/v2\/tags?post=10113"}],"curies":[{"name":"wp","href":"https:\/\/api.w.org\/{rel}","templated":true}]}}