{"id":10122,"date":"2024-03-20T23:00:00","date_gmt":"2024-03-21T05:00:00","guid":{"rendered":"https:\/\/cronicadesoledad.com\/?p=10122"},"modified":"2024-03-20T18:52:49","modified_gmt":"2024-03-21T00:52:49","slug":"activaran-operativos-de-vigilancia-en-escuelas-por-temporada-vacacional","status":"publish","type":"post","link":"https:\/\/cronicadesoledad.com\/index.php\/2024\/03\/20\/activaran-operativos-de-vigilancia-en-escuelas-por-temporada-vacacional\/","title":{"rendered":"Activar\u00e1n operativos de vigilancia en escuelas por temporada vacacional"},"content":{"rendered":"\n<p>El Gobierno Municipal de Soledad de Graciano S\u00e1nchez, a trav\u00e9s de la Direcci\u00f3n de Educaci\u00f3n en coordinaci\u00f3n con la Direcci\u00f3n General de Seguridad P\u00fablica Municipal y los Consejos T\u00e9cnicos Escolares, mantendr\u00e1 la vigilancia en los planteles educativos del municipio con motivo del inicio del periodo vacacional, a fin de garantizar el resguardo de estos espacios en d\u00edas de inactividad.<\/p>\n\n\n\n<p>De acuerdo con el calendario escolar 2023-2024, este viernes 22 de marzo dar\u00e1 inicio el periodo vacacional por Semana Santa, por lo que m\u00e1s de 45 mil estudiantes de educaci\u00f3n b\u00e1sica de 215 planteles educativos de Soledad de Graciano S\u00e1nchez disfrutar\u00e1n de un descanso de dos semanas.<\/p>\n\n\n\n<p>Al respecto, la Direcci\u00f3n de Educaci\u00f3n Municipal inform\u00f3 que se mantendr\u00e1 el monitoreo de planteles educativos mediante la coordinaci\u00f3n entre los integrantes de los Consejos T\u00e9cnicos Escolares, padres de familia y comit\u00e9s vecinales, as\u00ed como por elementos de la Direcci\u00f3n General de Seguridad P\u00fablica Municipal, tal como se ha realizado en anteriores periodos, logrando disminuir en su totalidad los hechos delictivos que afectaban a escuelas.<\/p>\n\n\n\n<p>En el caso de los planteles en los que se detecte riesgo de posible vandalismo, se dispondr\u00e1 de elementos de seguridad p\u00fablica que efectuar\u00e1n rondines de vigilancia de forma aleatoria, con la finalidad de mantener el saldo blanco en las instituciones educativas.<\/p>\n\n\n\n<p>Finalmente, se dio a conocer que durante la \u00faltima semana de clases se mantiene activo el programa \u201cEscuela Segura\u201d que tiene por objetivo aplicar estrategias destinadas a disminuir el acoso escolar, la violencia digital y procurar la salud mental de los estudiantes.<\/p>\n","protected":false},"excerpt":{"rendered":"<p>El Gobierno Municipal de Soledad de Graciano S\u00e1nchez, a trav\u00e9s de la Direcci\u00f3n de Educaci\u00f3n en coordinaci\u00f3n con la Direcci\u00f3n General de Seguridad P\u00fablica Municipal y los Consejos T\u00e9cnicos Escolares, mantendr\u00e1 la vigilancia en los planteles educativos del municipio con motivo del inicio del periodo vacacional, a fin de garantizar el resguardo de estos espacios [&hellip;]<\/p>\n","protected":false},"author":2,"featured_media":10123,"comment_status":"open","ping_status":"open","sticky":false,"template":"","format":"standard","meta":{"footnotes":""},"categories":[24,19,21],"tags":[223,565,294,276,261,27,1977,447],"class_list":{"0":"post-10122","1":"post","2":"type-post","3":"status-publish","4":"format-standard","5":"has-post-thumbnail","7":"category-informacion-general","8":"category-seguridad","9":"category-tu-soledad","10":"tag-ayuntamiento-soledense","11":"tag-escuelas","12":"tag-san-luis","13":"tag-seguridad","14":"tag-slp","15":"tag-soledad","16":"tag-vacaciones","17":"tag-vigilancia"},"_links":{"self":[{"href":"https:\/\/cronicadesoledad.com\/index.php\/wp-json\/wp\/v2\/posts\/10122","targetHints":{"allow":["GET"]}}],"collection":[{"href":"https:\/\/cronicadesoledad.com\/index.php\/wp-json\/wp\/v2\/posts"}],"about":[{"href":"https:\/\/cronicadesoledad.com\/index.php\/wp-json\/wp\/v2\/types\/post"}],"author":[{"embeddable":true,"href":"https:\/\/cronicadesoledad.com\/index.php\/wp-json\/wp\/v2\/users\/2"}],"replies":[{"embeddable":true,"href":"https:\/\/cronicadesoledad.com\/index.php\/wp-json\/wp\/v2\/comments?post=10122"}],"version-history":[{"count":1,"href":"https:\/\/cronicadesoledad.com\/index.php\/wp-json\/wp\/v2\/posts\/10122\/revisions"}],"predecessor-version":[{"id":10124,"href":"https:\/\/cronicadesoledad.com\/index.php\/wp-json\/wp\/v2\/posts\/10122\/revisions\/10124"}],"wp:featuredmedia":[{"embeddable":true,"href":"https:\/\/cronicadesoledad.com\/index.php\/wp-json\/wp\/v2\/media\/10123"}],"wp:attachment":[{"href":"https:\/\/cronicadesoledad.com\/index.php\/wp-json\/wp\/v2\/media?parent=10122"}],"wp:term":[{"taxonomy":"category","embeddable":true,"href":"https:\/\/cronicadesoledad.com\/index.php\/wp-json\/wp\/v2\/categories?post=10122"},{"taxonomy":"post_tag","embeddable":true,"href":"https:\/\/cronicadesoledad.com\/index.php\/wp-json\/wp\/v2\/tags?post=10122"}],"curies":[{"name":"wp","href":"https:\/\/api.w.org\/{rel}","templated":true}]}}