{"id":10165,"date":"2024-03-25T19:00:00","date_gmt":"2024-03-26T01:00:00","guid":{"rendered":"https:\/\/cronicadesoledad.com\/?p=10165"},"modified":"2024-03-25T17:33:11","modified_gmt":"2024-03-25T23:33:11","slug":"inicia-taller-infantil-en-bibliotecas-municipales","status":"publish","type":"post","link":"https:\/\/cronicadesoledad.com\/index.php\/2024\/03\/25\/inicia-taller-infantil-en-bibliotecas-municipales\/","title":{"rendered":"Inicia taller infantil en Bibliotecas Municipales"},"content":{"rendered":"\n<p>Con la finalidad de fomentar el desarrollo integral de ni\u00f1os de entre 6 y 12 a\u00f1os de edad, y contribuir a su desarrollo cognitivo, emocional, social y creativo, el Gobierno Municipal de Soledad de Graciano S\u00e1nchez, a trav\u00e9s de la Coordinaci\u00f3n Municipal de Bibliotecas, arranc\u00f3 este lunes con los Talleres de lectura y clases de manualidades \u201cVacaciones Primaverales\u201d.<\/p>\n\n\n\n<p>La excelente respuesta de las familias soledenses ha permitido inscribir hasta el momento a alrededor de 80 estudiantes en las dos bibliotecas, por lo que se ampli\u00f3 el cupo para que m\u00e1s ni\u00f1os puedan unirse a estas actividades manteni\u00e9ndose ocupados de manera positiva, durante estas vacaciones y alej\u00e1ndolos de conductas no saludables o riesgosas.<\/p>\n\n\n\n<p>Estos Talleres se llevan a cabo en las Bibliotecas \u201cEnrique Almaz\u00e1n Nieto\u201d ubicada en calle Hidalgo #211 zona Centro; y en la Biblioteca \u201cEulalio Cervantes Galarza, El Sax\u201d ubicada en calle San Luis S\/N, en la colonia San Felipe, en un horario de 9 de la ma\u00f1ana a 1 de la tarde de lunes a viernes y culminar\u00e1n el pr\u00f3ximo 7 de abril.<\/p>\n\n\n\n<p>En el lugar, se proporcionan materiales did\u00e1cticos a los participantes, y se recomienda que los menores traigan su lonche, ya que hay un tiempo designado cada d\u00eda para que puedan comer.<\/p>\n\n\n\n<p>&nbsp;Para cualquier consulta o aclaraci\u00f3n, las personas interesadas pueden dirigirse a las direcciones indicadas o comunicarse al n\u00famero de tel\u00e9fono 444 854-75-29, donde el personal del \u00e1rea estar\u00e1 disponible para atender cualquier pregunta o situaci\u00f3n que puedan surgir.<\/p>\n","protected":false},"excerpt":{"rendered":"<p>Con la finalidad de fomentar el desarrollo integral de ni\u00f1os de entre 6 y 12 a\u00f1os de edad, y contribuir a su desarrollo cognitivo, emocional, social y creativo, el Gobierno Municipal de Soledad de Graciano S\u00e1nchez, a trav\u00e9s de la Coordinaci\u00f3n Municipal de Bibliotecas, arranc\u00f3 este lunes con los Talleres de lectura y clases de [&hellip;]<\/p>\n","protected":false},"author":2,"featured_media":10166,"comment_status":"open","ping_status":"open","sticky":false,"template":"","format":"standard","meta":{"footnotes":""},"categories":[24,21],"tags":[223,430,1889,294,261,27,962,1989],"class_list":{"0":"post-10165","1":"post","2":"type-post","3":"status-publish","4":"format-standard","5":"has-post-thumbnail","7":"category-informacion-general","8":"category-tu-soledad","9":"tag-ayuntamiento-soledense","10":"tag-bibliotecas","11":"tag-bibliotecas-municipales","12":"tag-san-luis","13":"tag-slp","14":"tag-soledad","15":"tag-taller","16":"tag-taller-infantil"},"_links":{"self":[{"href":"https:\/\/cronicadesoledad.com\/index.php\/wp-json\/wp\/v2\/posts\/10165","targetHints":{"allow":["GET"]}}],"collection":[{"href":"https:\/\/cronicadesoledad.com\/index.php\/wp-json\/wp\/v2\/posts"}],"about":[{"href":"https:\/\/cronicadesoledad.com\/index.php\/wp-json\/wp\/v2\/types\/post"}],"author":[{"embeddable":true,"href":"https:\/\/cronicadesoledad.com\/index.php\/wp-json\/wp\/v2\/users\/2"}],"replies":[{"embeddable":true,"href":"https:\/\/cronicadesoledad.com\/index.php\/wp-json\/wp\/v2\/comments?post=10165"}],"version-history":[{"count":1,"href":"https:\/\/cronicadesoledad.com\/index.php\/wp-json\/wp\/v2\/posts\/10165\/revisions"}],"predecessor-version":[{"id":10167,"href":"https:\/\/cronicadesoledad.com\/index.php\/wp-json\/wp\/v2\/posts\/10165\/revisions\/10167"}],"wp:featuredmedia":[{"embeddable":true,"href":"https:\/\/cronicadesoledad.com\/index.php\/wp-json\/wp\/v2\/media\/10166"}],"wp:attachment":[{"href":"https:\/\/cronicadesoledad.com\/index.php\/wp-json\/wp\/v2\/media?parent=10165"}],"wp:term":[{"taxonomy":"category","embeddable":true,"href":"https:\/\/cronicadesoledad.com\/index.php\/wp-json\/wp\/v2\/categories?post=10165"},{"taxonomy":"post_tag","embeddable":true,"href":"https:\/\/cronicadesoledad.com\/index.php\/wp-json\/wp\/v2\/tags?post=10165"}],"curies":[{"name":"wp","href":"https:\/\/api.w.org\/{rel}","templated":true}]}}