{"id":10194,"date":"2024-03-28T19:00:00","date_gmt":"2024-03-29T01:00:00","guid":{"rendered":"https:\/\/cronicadesoledad.com\/?p=10194"},"modified":"2024-03-28T19:41:21","modified_gmt":"2024-03-29T01:41:21","slug":"buscara-ruth-gonzalez-convertir-a-soledad-uno-de-los-mejores-municipios","status":"publish","type":"post","link":"https:\/\/cronicadesoledad.com\/index.php\/2024\/03\/28\/buscara-ruth-gonzalez-convertir-a-soledad-uno-de-los-mejores-municipios\/","title":{"rendered":"Buscar\u00e1 Ruth Gonz\u00e1lez convertir a Soledad uno de los mejores municipios"},"content":{"rendered":"\n<p>Ruth Gonz\u00e1lez Silva tiene la sensibilidad y experiencia para liderar el reforzamiento de la transformaci\u00f3n que han vivido los habitantes de Soledad de Graciano S\u00e1nchez desde hace 15 a\u00f1os, lo que ha llevado a posicionarlo en el panorama nacional, gracias al Gobierno que lo ha convertido en un municipio moderno y con oportunidades.<\/p>\n\n\n\n<p>La abanderada por el Partido Verde Ecologista de Mexico (PVEM) al Senado de la Rep\u00fablica, Ruth Gonz\u00e1lez platic\u00f3 con habitantes de las colonias La Virgen y San Jos\u00e9, ante quienes anunci\u00f3 el apoyo total para gestionar los recursos para continuar los proyectos de infraestructura que necesita el municipio.<\/p>\n\n\n\n<p>\u201cDesde hace m\u00e1s de ocho a\u00f1os comenc\u00e9 a recorrer las calles de Soledad, conozco a su gente, sus necesidades y preocupaciones, por eso quiero llegar al Senado de la Rep\u00fablica, porque a mi llegada marcare un antes y un despu\u00e9s que beneficiar\u00e1 a todas y todos los potosinos, pero sobre todo a mi gente soledense\u201d, dijo en su mensaje Ruth Gonz\u00e1lez.<\/p>\n\n\n\n<p>Familias de La Virgen y San Jos\u00e9 dieron una c\u00e1lida bienvenida a Ruth Gonz\u00e1lez, a quien externaron su gratitud por el trabajo que hizo desde el DIF Municipal de Soledad y el DIF Estatal, adem\u00e1s de entregar peticiones para resolver sus necesidades cuando est\u00e9 en el Senado de la Rep\u00fablica.<\/p>\n\n\n\n<p>Con la sensibilidad y calidez humana que la caracteriza, la candidata ecologista al Senado, hizo un llamado a las familias para, junto al Gobierno del cambio y la transformaci\u00f3n que inici\u00f3 en San Luis Potos\u00ed hace dos a\u00f1os, continuar con la reconstrucci\u00f3n del tejido social, lo que es de vital importancia para nuestro Estado.<\/p>\n\n\n\n<p>Por la ma\u00f1ana, acompa\u00f1ada por Jos\u00e9 Luis Fern\u00e1ndez Mart\u00ednez, candidato a diputado federal por el segundo distrito, convivi\u00f3 con mujeres de la comunidad Palma de la Cruz, a quienes pidi\u00f3 que el pr\u00f3ximo 2 de junio voten por las y los candidatos del Partido Verde para afianzar la transformaci\u00f3n de Soledad de Graciano S\u00e1nchez y todo San Luis Potos\u00ed.<\/p>\n","protected":false},"excerpt":{"rendered":"<p>Ruth Gonz\u00e1lez Silva tiene la sensibilidad y experiencia para liderar el reforzamiento de la transformaci\u00f3n que han vivido los habitantes de Soledad de Graciano S\u00e1nchez desde hace 15 a\u00f1os, lo que ha llevado a posicionarlo en el panorama nacional, gracias al Gobierno que lo ha convertido en un municipio moderno y con oportunidades. La abanderada [&hellip;]<\/p>\n","protected":false},"author":2,"featured_media":10195,"comment_status":"open","ping_status":"open","sticky":false,"template":"","format":"standard","meta":{"footnotes":""},"categories":[1,24,21],"tags":[1122,1896,259,388,294,1995,1996,261,27],"class_list":{"0":"post-10194","1":"post","2":"type-post","3":"status-publish","4":"format-standard","5":"has-post-thumbnail","7":"category-destacadas","8":"category-informacion-general","9":"category-tu-soledad","10":"tag-1122","11":"tag-elecciones","12":"tag-elecciones-2024","13":"tag-ruth-gonzalez-silva","14":"tag-san-luis","15":"tag-senadora","16":"tag-senaduria","17":"tag-slp","18":"tag-soledad"},"_links":{"self":[{"href":"https:\/\/cronicadesoledad.com\/index.php\/wp-json\/wp\/v2\/posts\/10194","targetHints":{"allow":["GET"]}}],"collection":[{"href":"https:\/\/cronicadesoledad.com\/index.php\/wp-json\/wp\/v2\/posts"}],"about":[{"href":"https:\/\/cronicadesoledad.com\/index.php\/wp-json\/wp\/v2\/types\/post"}],"author":[{"embeddable":true,"href":"https:\/\/cronicadesoledad.com\/index.php\/wp-json\/wp\/v2\/users\/2"}],"replies":[{"embeddable":true,"href":"https:\/\/cronicadesoledad.com\/index.php\/wp-json\/wp\/v2\/comments?post=10194"}],"version-history":[{"count":1,"href":"https:\/\/cronicadesoledad.com\/index.php\/wp-json\/wp\/v2\/posts\/10194\/revisions"}],"predecessor-version":[{"id":10196,"href":"https:\/\/cronicadesoledad.com\/index.php\/wp-json\/wp\/v2\/posts\/10194\/revisions\/10196"}],"wp:featuredmedia":[{"embeddable":true,"href":"https:\/\/cronicadesoledad.com\/index.php\/wp-json\/wp\/v2\/media\/10195"}],"wp:attachment":[{"href":"https:\/\/cronicadesoledad.com\/index.php\/wp-json\/wp\/v2\/media?parent=10194"}],"wp:term":[{"taxonomy":"category","embeddable":true,"href":"https:\/\/cronicadesoledad.com\/index.php\/wp-json\/wp\/v2\/categories?post=10194"},{"taxonomy":"post_tag","embeddable":true,"href":"https:\/\/cronicadesoledad.com\/index.php\/wp-json\/wp\/v2\/tags?post=10194"}],"curies":[{"name":"wp","href":"https:\/\/api.w.org\/{rel}","templated":true}]}}