{"id":10197,"date":"2024-04-01T03:15:00","date_gmt":"2024-04-01T09:15:00","guid":{"rendered":"https:\/\/cronicadesoledad.com\/?p=10197"},"modified":"2024-04-01T01:04:02","modified_gmt":"2024-04-01T07:04:02","slug":"emiten-medidas-preventivas-ante-temporada-de-calor-2","status":"publish","type":"post","link":"https:\/\/cronicadesoledad.com\/index.php\/2024\/04\/01\/emiten-medidas-preventivas-ante-temporada-de-calor-2\/","title":{"rendered":"Emiten medidas preventivas ante temporada de calor"},"content":{"rendered":"\n<p>Con el objetivo de incentivar el cuidado de la salud entre la poblaci\u00f3n durante la temporada de calor, el Gobierno Municipal de Soledad de Graciano S\u00e1nchez, a trav\u00e9s de la Direcci\u00f3n de Servicio M\u00e9dico, emite una serie de recomendaciones clave para evitar enfermedades diarreicas e infecciones virales, derivadas de las condiciones climatol\u00f3gicas.<\/p>\n\n\n\n<p>Ante el incremento de las temperaturas y el riesgo asociado a enfermedades estivales, las autoridades m\u00e9dicas recomiendan en gran medida: hidrataci\u00f3n adecuada, consumiendo abundantes l\u00edquidos como agua, jugos naturales y sueros hidratantes para prevenir los golpes de calor; es fundamental evitar la exposici\u00f3n prolongada al sol, especialmente durante las horas de m\u00e1xima irradiaci\u00f3n solar entre las 11 de la ma\u00f1ana y las 3 de la tarde.<\/p>\n\n\n\n<p>Asimismo, se aconseja tomar precauciones frente a cambios bruscos de temperatura, y se recomienda lavarse las manos con frecuencia, especialmente antes de comer y despu\u00e9s de ir al ba\u00f1o. Adem\u00e1s, se aconseja cocinar y manipular los alimentos de manera adecuada para evitar infecciones gastrointestinales.<\/p>\n\n\n\n<p>Con el inicio de la temporada de calor, los consultorios m\u00e9dicos gratuitos en el municipio han reportado un aumento del 30 por ciento en la solicitud de atenci\u00f3n m\u00e9dica. La mayor\u00eda de las consultas est\u00e1n relacionadas con enfermedades diarreicas, resaltando la importancia de la prevenci\u00f3n y la atenci\u00f3n temprana.<\/p>\n\n\n\n<p>Ante ello, se reitera que los consultorios m\u00e9dicos del municipio contin\u00faan ofreciendo atenci\u00f3n m\u00e9dica gratuita de lunes a viernes en horario de 8 de la ma\u00f1ana a 3 de la tarde, por lo que se alienta a la poblaci\u00f3n a acudir ante cualquier malestar, garantizando una atenci\u00f3n oportuna y de calidad.<\/p>\n\n\n\n<p>El Gobierno Municipal de Soledad insta a las y los soledense seguir estas recomendaciones y a mantenerse informados sobre medidas adicionales de prevenci\u00f3n.<\/p>\n","protected":false},"excerpt":{"rendered":"<p>Con el objetivo de incentivar el cuidado de la salud entre la poblaci\u00f3n durante la temporada de calor, el Gobierno Municipal de Soledad de Graciano S\u00e1nchez, a trav\u00e9s de la Direcci\u00f3n de Servicio M\u00e9dico, emite una serie de recomendaciones clave para evitar enfermedades diarreicas e infecciones virales, derivadas de las condiciones climatol\u00f3gicas. Ante el incremento [&hellip;]<\/p>\n","protected":false},"author":2,"featured_media":10198,"comment_status":"open","ping_status":"open","sticky":false,"template":"","format":"standard","meta":{"footnotes":""},"categories":[24,21],"tags":[223,1852,1874,1875,1997,294,261,27],"class_list":{"0":"post-10197","1":"post","2":"type-post","3":"status-publish","4":"format-standard","5":"has-post-thumbnail","7":"category-informacion-general","8":"category-tu-soledad","9":"tag-ayuntamiento-soledense","10":"tag-calor","11":"tag-medidas","12":"tag-medidas-preventivas","13":"tag-preventivas","14":"tag-san-luis","15":"tag-slp","16":"tag-soledad"},"_links":{"self":[{"href":"https:\/\/cronicadesoledad.com\/index.php\/wp-json\/wp\/v2\/posts\/10197","targetHints":{"allow":["GET"]}}],"collection":[{"href":"https:\/\/cronicadesoledad.com\/index.php\/wp-json\/wp\/v2\/posts"}],"about":[{"href":"https:\/\/cronicadesoledad.com\/index.php\/wp-json\/wp\/v2\/types\/post"}],"author":[{"embeddable":true,"href":"https:\/\/cronicadesoledad.com\/index.php\/wp-json\/wp\/v2\/users\/2"}],"replies":[{"embeddable":true,"href":"https:\/\/cronicadesoledad.com\/index.php\/wp-json\/wp\/v2\/comments?post=10197"}],"version-history":[{"count":1,"href":"https:\/\/cronicadesoledad.com\/index.php\/wp-json\/wp\/v2\/posts\/10197\/revisions"}],"predecessor-version":[{"id":10199,"href":"https:\/\/cronicadesoledad.com\/index.php\/wp-json\/wp\/v2\/posts\/10197\/revisions\/10199"}],"wp:featuredmedia":[{"embeddable":true,"href":"https:\/\/cronicadesoledad.com\/index.php\/wp-json\/wp\/v2\/media\/10198"}],"wp:attachment":[{"href":"https:\/\/cronicadesoledad.com\/index.php\/wp-json\/wp\/v2\/media?parent=10197"}],"wp:term":[{"taxonomy":"category","embeddable":true,"href":"https:\/\/cronicadesoledad.com\/index.php\/wp-json\/wp\/v2\/categories?post=10197"},{"taxonomy":"post_tag","embeddable":true,"href":"https:\/\/cronicadesoledad.com\/index.php\/wp-json\/wp\/v2\/tags?post=10197"}],"curies":[{"name":"wp","href":"https:\/\/api.w.org\/{rel}","templated":true}]}}