{"id":10234,"date":"2024-04-01T21:00:00","date_gmt":"2024-04-02T03:00:00","guid":{"rendered":"https:\/\/cronicadesoledad.com\/?p=10234"},"modified":"2024-04-01T20:27:53","modified_gmt":"2024-04-02T02:27:53","slug":"inician-recorridos-en-turibus","status":"publish","type":"post","link":"https:\/\/cronicadesoledad.com\/index.php\/2024\/04\/01\/inician-recorridos-en-turibus\/","title":{"rendered":"Inician recorridos en Turibus"},"content":{"rendered":"\n<p>Con la finalidad de divulgar la historia, la cultura y el patrimonio de Soledad de Graciano S\u00e1nchez, el Gobierno Municipal, a trav\u00e9s de la Direcci\u00f3n de Turismo, inici\u00f3 este lunes con los recorridos en Turibus en el marco de la Feria Nacional de la Enchilada (FENAE 2024), con lo que se busca promover los atractivos municipales y esta gran fiesta soledense.<\/p>\n\n\n\n<p>El Turibus a cargo de la l\u00ednea &#8220;Coraz\u00f3n Potosino&#8221; ofrece recorridos con capacidad para 38 personas, con una duraci\u00f3n estimada de entre 45 minutos a una hora. Durante el trayecto, las y los pasajeros tendr\u00e1n la oportunidad de descubrir los lugares m\u00e1s emblem\u00e1ticos de Soledad de Graciano S\u00e1nchez, como los detalles de la Parroquia de Nuestra Se\u00f1ora de la Soledad, la historia y el origen de la Enchilada Potosina.<\/p>\n\n\n\n<p>La ruta tiene como punto de partida la Plaza principal en cuatro horarios: de 11:00 a 12:00 horas; de 12:30 a 13:30 horas; de 14:00 a 15:00 horas y de 15:00 a 16:00 horas, con un simb\u00f3lico costo de recuperaci\u00f3n y durante el primer d\u00eda de operaciones, por la compra de un boleto se regala otro, como parte de una oportunidad para celebrar este lanzamiento.<\/p>\n\n\n\n<p>Este programa piloto marca el inicio de una nueva etapa para el turismo en Soledad, pues se plantea que una vez que las avenidas est\u00e9n abiertas tras la culminaci\u00f3n de la FENAE, se ampliar\u00e1 la ruta del Turibus para ofrecer una experiencia m\u00e1s completa a las y los visitantes; de esta manera durante el recorrido, los pasajeros tendr\u00e1n la oportunidad de aprender sobre la historia del municipio, visitar viviendas que son referentes hist\u00f3ricos, escuchar leyendas locales y disfrutar de la m\u00fasica t\u00edpica de Soledad de Graciano S\u00e1nchez.<\/p>\n\n\n\n<p>Se espera que este programa se convierta en una experiencia educativa para las escuelas locales, permitiendo a las y los estudiantes conocer y apreciar el patrimonio cultural e hist\u00f3rico de la regi\u00f3n. Los recorridos tur\u00edsticos estar\u00e1n disponibles hasta la tarde de este lunes y se reanudar\u00e1n a partir del viernes, s\u00e1bado y domingo, con planes de extenderlos a los fines de semana en el futuro.<\/p>\n\n\n\n<p>Para mayor informaci\u00f3n sobre y obtenci\u00f3n de accesos se invita a las y los interesados a enviar un mensaje a trav\u00e9s del perfil de Facebook Turismo Soledad, donde se brinda respuesta inmediata, as\u00ed como las de Municipio de Soledad de Graciano S\u00e1nchez, o al tel\u00e9fono:151-0877 y 151-08-78.<\/p>\n","protected":false},"excerpt":{"rendered":"<p>Con la finalidad de divulgar la historia, la cultura y el patrimonio de Soledad de Graciano S\u00e1nchez, el Gobierno Municipal, a trav\u00e9s de la Direcci\u00f3n de Turismo, inici\u00f3 este lunes con los recorridos en Turibus en el marco de la Feria Nacional de la Enchilada (FENAE 2024), con lo que se busca promover los atractivos [&hellip;]<\/p>\n","protected":false},"author":2,"featured_media":10235,"comment_status":"open","ping_status":"open","sticky":false,"template":"","format":"standard","meta":{"footnotes":""},"categories":[1],"tags":[223,1635,1473,1472,1658,294,261,27,1991],"class_list":{"0":"post-10234","1":"post","2":"type-post","3":"status-publish","4":"format-standard","5":"has-post-thumbnail","7":"category-destacadas","8":"tag-ayuntamiento-soledense","9":"tag-fenae","10":"tag-fenae-2024","11":"tag-feria-nacional-de-la-enchilada","12":"tag-feria-nacional-de-la-enchilada-2024","13":"tag-san-luis","14":"tag-slp","15":"tag-soledad","16":"tag-turibus"},"_links":{"self":[{"href":"https:\/\/cronicadesoledad.com\/index.php\/wp-json\/wp\/v2\/posts\/10234","targetHints":{"allow":["GET"]}}],"collection":[{"href":"https:\/\/cronicadesoledad.com\/index.php\/wp-json\/wp\/v2\/posts"}],"about":[{"href":"https:\/\/cronicadesoledad.com\/index.php\/wp-json\/wp\/v2\/types\/post"}],"author":[{"embeddable":true,"href":"https:\/\/cronicadesoledad.com\/index.php\/wp-json\/wp\/v2\/users\/2"}],"replies":[{"embeddable":true,"href":"https:\/\/cronicadesoledad.com\/index.php\/wp-json\/wp\/v2\/comments?post=10234"}],"version-history":[{"count":1,"href":"https:\/\/cronicadesoledad.com\/index.php\/wp-json\/wp\/v2\/posts\/10234\/revisions"}],"predecessor-version":[{"id":10236,"href":"https:\/\/cronicadesoledad.com\/index.php\/wp-json\/wp\/v2\/posts\/10234\/revisions\/10236"}],"wp:featuredmedia":[{"embeddable":true,"href":"https:\/\/cronicadesoledad.com\/index.php\/wp-json\/wp\/v2\/media\/10235"}],"wp:attachment":[{"href":"https:\/\/cronicadesoledad.com\/index.php\/wp-json\/wp\/v2\/media?parent=10234"}],"wp:term":[{"taxonomy":"category","embeddable":true,"href":"https:\/\/cronicadesoledad.com\/index.php\/wp-json\/wp\/v2\/categories?post=10234"},{"taxonomy":"post_tag","embeddable":true,"href":"https:\/\/cronicadesoledad.com\/index.php\/wp-json\/wp\/v2\/tags?post=10234"}],"curies":[{"name":"wp","href":"https:\/\/api.w.org\/{rel}","templated":true}]}}