{"id":10237,"date":"2024-04-01T18:00:00","date_gmt":"2024-04-02T00:00:00","guid":{"rendered":"https:\/\/cronicadesoledad.com\/?p=10237"},"modified":"2024-04-01T20:37:03","modified_gmt":"2024-04-02T02:37:03","slug":"doctor-zermeno-guerra-reelecto-como-rector","status":"publish","type":"post","link":"https:\/\/cronicadesoledad.com\/index.php\/2024\/04\/01\/doctor-zermeno-guerra-reelecto-como-rector\/","title":{"rendered":"Doctor Zerme\u00f1o Guerra, reelecto como rector"},"content":{"rendered":"\n<p>En una sesi\u00f3n extraordinaria del Honorable Consejo Directivo Universitario (CDU), la Universidad Aut\u00f3noma de San Luis Potos\u00ed (UASLP) anunci\u00f3 que el doctor Alejandro Javier Zerme\u00f1o Guerra fue elegido como rector para el periodo 2024-2028. Este mes de abril marca el inicio de su segunda etapa al frente de la m\u00e1xima casa de estudios potosina.<\/p>\n\n\n\n<p>En la mencionada votaci\u00f3n, Zerme\u00f1o Guerra obtuvo 43 sufragios a favor, mientras que Guadalupe Briano Turrent recibi\u00f3 15 votos y Pablo Nava Ortiz no obtuvo ninguno.<\/p>\n\n\n\n<p>La sesi\u00f3n se llev\u00f3 a cabo en la sala \u201cManuel Mar\u00eda de Gorri\u00f1o y Arduengo\u201d del Edificio Central de la UASLP, a partir de las 10:00 horas, con la presencia de directores, maestros, alumnos y alumnas, quienes ejercieron su voto de manera libre y secreta.<\/p>\n\n\n\n<p>Los escrutadores designados realizaron el conteo de votos, tras lo cual se anunciaron los resultados, recibiendo el reconocimiento y satisfacci\u00f3n de los miembros del Consejo por la realizaci\u00f3n democr\u00e1tica del proceso.<\/p>\n\n\n\n<p>La toma de protesta del doctor Alejandro Javier Zerme\u00f1o Guerra est\u00e1 programada para realizarse a m\u00e1s tardar el 30 de abril, durante una sesi\u00f3n extraordinaria del CDU, tras la entrega de su cuarto informe de labores del primer periodo al frente de la Rector\u00eda de la UASLP.<\/p>\n","protected":false},"excerpt":{"rendered":"<p>En una sesi\u00f3n extraordinaria del Honorable Consejo Directivo Universitario (CDU), la Universidad Aut\u00f3noma de San Luis Potos\u00ed (UASLP) anunci\u00f3 que el doctor Alejandro Javier Zerme\u00f1o Guerra fue elegido como rector para el periodo 2024-2028. Este mes de abril marca el inicio de su segunda etapa al frente de la m\u00e1xima casa de estudios potosina. En [&hellip;]<\/p>\n","protected":false},"author":2,"featured_media":10238,"comment_status":"open","ping_status":"open","sticky":false,"template":"","format":"standard","meta":{"footnotes":""},"categories":[1,24],"tags":[2014,1908,1909,2015,294,261,150],"class_list":{"0":"post-10237","1":"post","2":"type-post","3":"status-publish","4":"format-standard","5":"has-post-thumbnail","7":"category-destacadas","8":"category-informacion-general","9":"tag-alejandro-javier-zermeno-guerra","10":"tag-rector","11":"tag-rector-uaslp","12":"tag-reeleccion-2","13":"tag-san-luis","14":"tag-slp","15":"tag-uaslp"},"_links":{"self":[{"href":"https:\/\/cronicadesoledad.com\/index.php\/wp-json\/wp\/v2\/posts\/10237","targetHints":{"allow":["GET"]}}],"collection":[{"href":"https:\/\/cronicadesoledad.com\/index.php\/wp-json\/wp\/v2\/posts"}],"about":[{"href":"https:\/\/cronicadesoledad.com\/index.php\/wp-json\/wp\/v2\/types\/post"}],"author":[{"embeddable":true,"href":"https:\/\/cronicadesoledad.com\/index.php\/wp-json\/wp\/v2\/users\/2"}],"replies":[{"embeddable":true,"href":"https:\/\/cronicadesoledad.com\/index.php\/wp-json\/wp\/v2\/comments?post=10237"}],"version-history":[{"count":1,"href":"https:\/\/cronicadesoledad.com\/index.php\/wp-json\/wp\/v2\/posts\/10237\/revisions"}],"predecessor-version":[{"id":10239,"href":"https:\/\/cronicadesoledad.com\/index.php\/wp-json\/wp\/v2\/posts\/10237\/revisions\/10239"}],"wp:featuredmedia":[{"embeddable":true,"href":"https:\/\/cronicadesoledad.com\/index.php\/wp-json\/wp\/v2\/media\/10238"}],"wp:attachment":[{"href":"https:\/\/cronicadesoledad.com\/index.php\/wp-json\/wp\/v2\/media?parent=10237"}],"wp:term":[{"taxonomy":"category","embeddable":true,"href":"https:\/\/cronicadesoledad.com\/index.php\/wp-json\/wp\/v2\/categories?post=10237"},{"taxonomy":"post_tag","embeddable":true,"href":"https:\/\/cronicadesoledad.com\/index.php\/wp-json\/wp\/v2\/tags?post=10237"}],"curies":[{"name":"wp","href":"https:\/\/api.w.org\/{rel}","templated":true}]}}