{"id":10250,"date":"2024-04-02T22:00:00","date_gmt":"2024-04-03T04:00:00","guid":{"rendered":"https:\/\/cronicadesoledad.com\/?p=10250"},"modified":"2024-04-02T19:55:11","modified_gmt":"2024-04-03T01:55:11","slug":"inician-rehabilitacion-de-una-calle-mas-en-la-rivas-guillen","status":"publish","type":"post","link":"https:\/\/cronicadesoledad.com\/index.php\/2024\/04\/02\/inician-rehabilitacion-de-una-calle-mas-en-la-rivas-guillen\/","title":{"rendered":"Inician rehabilitaci\u00f3n de una calle m\u00e1s en la Rivas Guillen"},"content":{"rendered":"\n<p>Con el prop\u00f3sito de elevar el bienestar de familias de la colonia Rivas Guillen Norte, el Gobierno Municipal de Soledad de Graciano S\u00e1nchez, mediante la Direcci\u00f3n de Infraestructura, inici\u00f3 la obra de pavimentaci\u00f3n de la calle Ram\u00f3n L\u00f3pez Velarde que, que incluye mejoras en su infraestructura vial, pavimento y servicios hidr\u00e1ulicos y sanitarios de calidad.<\/p>\n\n\n\n<p>Durante a\u00f1os, residentes de esta zona han enfrentado adversidades relacionados con la falta de infraestructura vial, por lo que el arranque de estos trabajos representa la esperanza y el buen porvenir.<\/p>\n\n\n\n<p>El Gobierno Municipal de Soledad destin\u00f3 una inversi\u00f3n superior a los tres millones de pesos para abordar la solicitudes de habitantes en esta calle, con acciones como la introducci\u00f3n de una red de drenaje e hidr\u00e1ulica, la construcci\u00f3n de banquetas, guarniciones y pavimento de concreto hidr\u00e1ulico.<\/p>\n\n\n\n<p>La intervenci\u00f3n abarcar\u00e1 un \u00e1rea total de dos mil 377 metros cuadrados, lo que representa un avance significativo en la mejora de la movilidad y la accesibilidad en la zona. Adem\u00e1s, se llevar\u00e1n a cabo trabajos de pintura y se\u00f1alizaci\u00f3n para garantizar un funcionamiento \u00f3ptimo de la v\u00eda y la seguridad de todos los usuarios.<\/p>\n","protected":false},"excerpt":{"rendered":"<p>Con el prop\u00f3sito de elevar el bienestar de familias de la colonia Rivas Guillen Norte, el Gobierno Municipal de Soledad de Graciano S\u00e1nchez, mediante la Direcci\u00f3n de Infraestructura, inici\u00f3 la obra de pavimentaci\u00f3n de la calle Ram\u00f3n L\u00f3pez Velarde que, que incluye mejoras en su infraestructura vial, pavimento y servicios hidr\u00e1ulicos y sanitarios de calidad. [&hellip;]<\/p>\n","protected":false},"author":2,"featured_media":10251,"comment_status":"open","ping_status":"open","sticky":false,"template":"","format":"standard","meta":{"footnotes":""},"categories":[1,24,21],"tags":[223,1428,279,1647,1820,294,261,27,958],"class_list":{"0":"post-10250","1":"post","2":"type-post","3":"status-publish","4":"format-standard","5":"has-post-thumbnail","7":"category-destacadas","8":"category-informacion-general","9":"category-tu-soledad","10":"tag-ayuntamiento-soledense","11":"tag-calles","12":"tag-obras","13":"tag-obras-viales","14":"tag-rivas-guillen","15":"tag-san-luis","16":"tag-slp","17":"tag-soledad","18":"tag-vialidad"},"_links":{"self":[{"href":"https:\/\/cronicadesoledad.com\/index.php\/wp-json\/wp\/v2\/posts\/10250","targetHints":{"allow":["GET"]}}],"collection":[{"href":"https:\/\/cronicadesoledad.com\/index.php\/wp-json\/wp\/v2\/posts"}],"about":[{"href":"https:\/\/cronicadesoledad.com\/index.php\/wp-json\/wp\/v2\/types\/post"}],"author":[{"embeddable":true,"href":"https:\/\/cronicadesoledad.com\/index.php\/wp-json\/wp\/v2\/users\/2"}],"replies":[{"embeddable":true,"href":"https:\/\/cronicadesoledad.com\/index.php\/wp-json\/wp\/v2\/comments?post=10250"}],"version-history":[{"count":1,"href":"https:\/\/cronicadesoledad.com\/index.php\/wp-json\/wp\/v2\/posts\/10250\/revisions"}],"predecessor-version":[{"id":10252,"href":"https:\/\/cronicadesoledad.com\/index.php\/wp-json\/wp\/v2\/posts\/10250\/revisions\/10252"}],"wp:featuredmedia":[{"embeddable":true,"href":"https:\/\/cronicadesoledad.com\/index.php\/wp-json\/wp\/v2\/media\/10251"}],"wp:attachment":[{"href":"https:\/\/cronicadesoledad.com\/index.php\/wp-json\/wp\/v2\/media?parent=10250"}],"wp:term":[{"taxonomy":"category","embeddable":true,"href":"https:\/\/cronicadesoledad.com\/index.php\/wp-json\/wp\/v2\/categories?post=10250"},{"taxonomy":"post_tag","embeddable":true,"href":"https:\/\/cronicadesoledad.com\/index.php\/wp-json\/wp\/v2\/tags?post=10250"}],"curies":[{"name":"wp","href":"https:\/\/api.w.org\/{rel}","templated":true}]}}