{"id":10281,"date":"2024-04-08T03:00:00","date_gmt":"2024-04-08T09:00:00","guid":{"rendered":"https:\/\/cronicadesoledad.com\/?p=10281"},"modified":"2024-04-08T00:29:42","modified_gmt":"2024-04-08T06:29:42","slug":"anciano-muere-tras-ser-arrollado","status":"publish","type":"post","link":"https:\/\/cronicadesoledad.com\/index.php\/2024\/04\/08\/anciano-muere-tras-ser-arrollado\/","title":{"rendered":"Anciano muere tras ser arrollado"},"content":{"rendered":"\n<p>En Soledad de Graciano S\u00e1nchez, un tr\u00e1gico incidente cobr\u00f3 la vida de un hombre de la tercera edad en Anillo Perif\u00e9rico Norte, a la altura de la Prolongaci\u00f3n Magdaleno Cedillo, en fracci\u00f3n Rivera. Al lugar acudieron param\u00e9dicos y agentes policiales de las diferentes corporaciones, para tomar conocimiento del hecho.<\/p>\n\n\n\n<p>Los hechos ocurrieron alrededor de las 14:30 horas, cuando el hombre intentaba cruzar el Anillo Perif\u00e9rico y fue impactado por una camioneta de transporte de personal. De manera lamentable, el conductor del veh\u00edculo decidi\u00f3 abandonar la escena despu\u00e9s del fatal suceso, para tratar, aunque solo fuera de, momento, las consecuencias legales por lo acontecido. Dej\u00f3 abandonada a la v\u00edctima y el veh\u00edculo a su cargo.<\/p>\n\n\n\n<p>Agentes de la Polic\u00eda Vial de Soledad se desplegaron en el lugar del accidente para asegurar la zona y brindar atenci\u00f3n al incidente. Se espera la llegada del personal de la Fiscal\u00eda General del Estado para llevar a cabo el levantamiento del cuerpo, para llevarlo al Servicio de Medicina Legal, para los tr\u00e1mites correspondientes e iniciar las investigaciones correspondientes.<\/p>\n\n\n\n<p>El veh\u00edculo involucrado en el fatal accidente fue remolcado, con una gr\u00faa a un corral\u00f3n, ah\u00ed qued\u00f3 a disposici\u00f3n de la Agencia del Ministerio P\u00fablico.<\/p>\n","protected":false},"excerpt":{"rendered":"<p>En Soledad de Graciano S\u00e1nchez, un tr\u00e1gico incidente cobr\u00f3 la vida de un hombre de la tercera edad en Anillo Perif\u00e9rico Norte, a la altura de la Prolongaci\u00f3n Magdaleno Cedillo, en fracci\u00f3n Rivera. Al lugar acudieron param\u00e9dicos y agentes policiales de las diferentes corporaciones, para tomar conocimiento del hecho. Los hechos ocurrieron alrededor de las [&hellip;]<\/p>\n","protected":false},"author":2,"featured_media":10282,"comment_status":"open","ping_status":"open","sticky":false,"template":"","format":"standard","meta":{"footnotes":""},"categories":[24,19,21],"tags":[789,1750,2040,2039,2038,294,261,27,2037,2036,958],"class_list":{"0":"post-10281","1":"post","2":"type-post","3":"status-publish","4":"format-standard","5":"has-post-thumbnail","7":"category-informacion-general","8":"category-seguridad","9":"category-tu-soledad","10":"tag-accidente","11":"tag-accidente-vial","12":"tag-anciano","13":"tag-atropellado","14":"tag-muerte","15":"tag-san-luis","16":"tag-slp","17":"tag-soledad","18":"tag-tragedia","19":"tag-vial","20":"tag-vialidad"},"_links":{"self":[{"href":"https:\/\/cronicadesoledad.com\/index.php\/wp-json\/wp\/v2\/posts\/10281","targetHints":{"allow":["GET"]}}],"collection":[{"href":"https:\/\/cronicadesoledad.com\/index.php\/wp-json\/wp\/v2\/posts"}],"about":[{"href":"https:\/\/cronicadesoledad.com\/index.php\/wp-json\/wp\/v2\/types\/post"}],"author":[{"embeddable":true,"href":"https:\/\/cronicadesoledad.com\/index.php\/wp-json\/wp\/v2\/users\/2"}],"replies":[{"embeddable":true,"href":"https:\/\/cronicadesoledad.com\/index.php\/wp-json\/wp\/v2\/comments?post=10281"}],"version-history":[{"count":1,"href":"https:\/\/cronicadesoledad.com\/index.php\/wp-json\/wp\/v2\/posts\/10281\/revisions"}],"predecessor-version":[{"id":10283,"href":"https:\/\/cronicadesoledad.com\/index.php\/wp-json\/wp\/v2\/posts\/10281\/revisions\/10283"}],"wp:featuredmedia":[{"embeddable":true,"href":"https:\/\/cronicadesoledad.com\/index.php\/wp-json\/wp\/v2\/media\/10282"}],"wp:attachment":[{"href":"https:\/\/cronicadesoledad.com\/index.php\/wp-json\/wp\/v2\/media?parent=10281"}],"wp:term":[{"taxonomy":"category","embeddable":true,"href":"https:\/\/cronicadesoledad.com\/index.php\/wp-json\/wp\/v2\/categories?post=10281"},{"taxonomy":"post_tag","embeddable":true,"href":"https:\/\/cronicadesoledad.com\/index.php\/wp-json\/wp\/v2\/tags?post=10281"}],"curies":[{"name":"wp","href":"https:\/\/api.w.org\/{rel}","templated":true}]}}