{"id":10348,"date":"2024-04-10T19:00:00","date_gmt":"2024-04-11T01:00:00","guid":{"rendered":"https:\/\/cronicadesoledad.com\/?p=10348"},"modified":"2024-04-10T18:02:01","modified_gmt":"2024-04-11T00:02:01","slug":"realizan-primera-etapa-de-consulta-a-personas-con-discapacidad","status":"publish","type":"post","link":"https:\/\/cronicadesoledad.com\/index.php\/2024\/04\/10\/realizan-primera-etapa-de-consulta-a-personas-con-discapacidad\/","title":{"rendered":"Realizan primera etapa de consulta a personas con discapacidad"},"content":{"rendered":"\n<p>Con basta participaci\u00f3n, este mi\u00e9rcoles se llev\u00f3 a cabo la primera de tres etapas de la consulta p\u00fablica a personas con discapacidad para la elaboraci\u00f3n del Plan Estatal de Desarrollo (PED 2021-2027), en Soledad de Graciano S\u00e1nchez.<\/p>\n\n\n\n<p>Este ejercicio fue meramente informativo, por lo que se convoc\u00f3 a las personas con discapacidad interesadas a acudir a una reuni\u00f3n en el Auditorio Municipal, la cual estuvo encabezada por representantes de la Secretar\u00eda de Finanzas de Gobierno del Estado y del Sistema Municipal para el Desarrollo Integral de la Familia (DIF), as\u00ed como representantes del Gobierno Municipal.<\/p>\n\n\n\n<p>En este breve acto se proyect\u00f3 un video ante alrededor de 70 personas, en el que se explic\u00f3 el motivo de esta sesi\u00f3n, para que a las y los asistentes les quedara claro como con su opini\u00f3n pueden ayudar a mejorar en todo el Estado la educaci\u00f3n, la salud, los trabajos, el transporte, la movilidad, la accesibilidad, el entretenimiento, y la participaci\u00f3n social de las personas con discapacidad y mejorar su vida.<\/p>\n\n\n\n<p>El pr\u00f3ximo 16 de mayo se llevar\u00e1 a cabo la segunda etapa de esta consulta, donde se recabar\u00e1 la opini\u00f3n de las y los participantes, respecto a sus principales necesidades o barreras a las que se enfrentan, y como el Gobierno Estatal puede contribuir para ayudarlos.<\/p>\n\n\n\n<p>La \u00faltima fase de la consulta se efectuar\u00e1 el 25 de junio cuando las autoridades regresar\u00e1n a rendir cuentas respecto a la informaci\u00f3n recabada y como se tomaron en cuenta sus opiniones para construir un estado m\u00e1s inclusivo.<\/p>\n","protected":false},"excerpt":{"rendered":"<p>Con basta participaci\u00f3n, este mi\u00e9rcoles se llev\u00f3 a cabo la primera de tres etapas de la consulta p\u00fablica a personas con discapacidad para la elaboraci\u00f3n del Plan Estatal de Desarrollo (PED 2021-2027), en Soledad de Graciano S\u00e1nchez. Este ejercicio fue meramente informativo, por lo que se convoc\u00f3 a las personas con discapacidad interesadas a acudir [&hellip;]<\/p>\n","protected":false},"author":2,"featured_media":10349,"comment_status":"open","ping_status":"open","sticky":false,"template":"","format":"standard","meta":{"footnotes":""},"categories":[24,21],"tags":[223,2067,2063,1239,294,261,27],"class_list":{"0":"post-10348","1":"post","2":"type-post","3":"status-publish","4":"format-standard","5":"has-post-thumbnail","7":"category-informacion-general","8":"category-tu-soledad","9":"tag-ayuntamiento-soledense","10":"tag-consulta","11":"tag-consulta-publica-para-personas-con-discapacidad","12":"tag-personas-con-discapacidad","13":"tag-san-luis","14":"tag-slp","15":"tag-soledad"},"_links":{"self":[{"href":"https:\/\/cronicadesoledad.com\/index.php\/wp-json\/wp\/v2\/posts\/10348","targetHints":{"allow":["GET"]}}],"collection":[{"href":"https:\/\/cronicadesoledad.com\/index.php\/wp-json\/wp\/v2\/posts"}],"about":[{"href":"https:\/\/cronicadesoledad.com\/index.php\/wp-json\/wp\/v2\/types\/post"}],"author":[{"embeddable":true,"href":"https:\/\/cronicadesoledad.com\/index.php\/wp-json\/wp\/v2\/users\/2"}],"replies":[{"embeddable":true,"href":"https:\/\/cronicadesoledad.com\/index.php\/wp-json\/wp\/v2\/comments?post=10348"}],"version-history":[{"count":1,"href":"https:\/\/cronicadesoledad.com\/index.php\/wp-json\/wp\/v2\/posts\/10348\/revisions"}],"predecessor-version":[{"id":10350,"href":"https:\/\/cronicadesoledad.com\/index.php\/wp-json\/wp\/v2\/posts\/10348\/revisions\/10350"}],"wp:featuredmedia":[{"embeddable":true,"href":"https:\/\/cronicadesoledad.com\/index.php\/wp-json\/wp\/v2\/media\/10349"}],"wp:attachment":[{"href":"https:\/\/cronicadesoledad.com\/index.php\/wp-json\/wp\/v2\/media?parent=10348"}],"wp:term":[{"taxonomy":"category","embeddable":true,"href":"https:\/\/cronicadesoledad.com\/index.php\/wp-json\/wp\/v2\/categories?post=10348"},{"taxonomy":"post_tag","embeddable":true,"href":"https:\/\/cronicadesoledad.com\/index.php\/wp-json\/wp\/v2\/tags?post=10348"}],"curies":[{"name":"wp","href":"https:\/\/api.w.org\/{rel}","templated":true}]}}