{"id":10366,"date":"2024-04-12T19:00:00","date_gmt":"2024-04-13T01:00:00","guid":{"rendered":"https:\/\/cronicadesoledad.com\/?p=10366"},"modified":"2024-04-12T17:58:55","modified_gmt":"2024-04-12T23:58:55","slug":"inicia-construccion-de-nueva-area-recreativa-en-fidel-velazquez","status":"publish","type":"post","link":"https:\/\/cronicadesoledad.com\/index.php\/2024\/04\/12\/inicia-construccion-de-nueva-area-recreativa-en-fidel-velazquez\/","title":{"rendered":"Inicia construcci\u00f3n de nueva \u00e1rea recreativa en Fidel Vel\u00e1zquez"},"content":{"rendered":"\n<p>Con una visi\u00f3n centrada en promover la cohesi\u00f3n social, mejorar la salud y ampliar las \u00e1reas de deporte y entretenimiento, el Gobierno Municipal de Soledad de Graciano S\u00e1nchez, a trav\u00e9s de la Direcci\u00f3n de Infraestructura, inici\u00f3 la construcci\u00f3n del \u00c1rea Recreativa Quintas Soledad para mejorar la calidad de vida de m\u00e1s de cuatro mil habitantes en la colonia Fidel Vel\u00e1zquez.<\/p>\n\n\n\n<p>Este proyecto, financiado con una inversi\u00f3n superior a los dos millones de pesos provenientes del Fondo de Fortalecimiento Municipal, contempla la intervenci\u00f3n de una superficie aproximada de mil 700 metros cuadrados localizada en la calle Hacienda la Tinaja.<\/p>\n\n\n\n<p>El dise\u00f1o del \u00c1rea Recreativa incluir\u00e1 una serie de instalaciones destinadas a fomentar el encuentro social y el desarrollo comunitario, como una palapa multifuncional, ba\u00f1os, \u00e1rea de juegos infantiles con pasto sint\u00e9tico, espacio de gimnasio al aire libre, cancha multifuncional, zonas de \u00e1reas verdes, equipamiento urbano como bancas y botes de basura, vegetaci\u00f3n y circuitos de acceso peatonal.<\/p>\n\n\n\n<p>Esta obra tendr\u00e1 un impacto directo en la calidad de vida de habitantes de la colonia Fidel Vel\u00e1zquez, fortaleciendo la convivencia y promoviendo un estilo de vida activo y saludable.<\/p>\n","protected":false},"excerpt":{"rendered":"<p>Con una visi\u00f3n centrada en promover la cohesi\u00f3n social, mejorar la salud y ampliar las \u00e1reas de deporte y entretenimiento, el Gobierno Municipal de Soledad de Graciano S\u00e1nchez, a trav\u00e9s de la Direcci\u00f3n de Infraestructura, inici\u00f3 la construcci\u00f3n del \u00c1rea Recreativa Quintas Soledad para mejorar la calidad de vida de m\u00e1s de cuatro mil habitantes [&hellip;]<\/p>\n","protected":false},"author":2,"featured_media":10367,"comment_status":"open","ping_status":"open","sticky":false,"template":"","format":"standard","meta":{"footnotes":""},"categories":[1,24,21],"tags":[278,223,2080,279,294,261,27],"class_list":{"0":"post-10366","1":"post","2":"type-post","3":"status-publish","4":"format-standard","5":"has-post-thumbnail","7":"category-destacadas","8":"category-informacion-general","9":"category-tu-soledad","10":"tag-area-recreativa","11":"tag-ayuntamiento-soledense","12":"tag-fidel-velazquez","13":"tag-obras","14":"tag-san-luis","15":"tag-slp","16":"tag-soledad"},"_links":{"self":[{"href":"https:\/\/cronicadesoledad.com\/index.php\/wp-json\/wp\/v2\/posts\/10366","targetHints":{"allow":["GET"]}}],"collection":[{"href":"https:\/\/cronicadesoledad.com\/index.php\/wp-json\/wp\/v2\/posts"}],"about":[{"href":"https:\/\/cronicadesoledad.com\/index.php\/wp-json\/wp\/v2\/types\/post"}],"author":[{"embeddable":true,"href":"https:\/\/cronicadesoledad.com\/index.php\/wp-json\/wp\/v2\/users\/2"}],"replies":[{"embeddable":true,"href":"https:\/\/cronicadesoledad.com\/index.php\/wp-json\/wp\/v2\/comments?post=10366"}],"version-history":[{"count":1,"href":"https:\/\/cronicadesoledad.com\/index.php\/wp-json\/wp\/v2\/posts\/10366\/revisions"}],"predecessor-version":[{"id":10368,"href":"https:\/\/cronicadesoledad.com\/index.php\/wp-json\/wp\/v2\/posts\/10366\/revisions\/10368"}],"wp:featuredmedia":[{"embeddable":true,"href":"https:\/\/cronicadesoledad.com\/index.php\/wp-json\/wp\/v2\/media\/10367"}],"wp:attachment":[{"href":"https:\/\/cronicadesoledad.com\/index.php\/wp-json\/wp\/v2\/media?parent=10366"}],"wp:term":[{"taxonomy":"category","embeddable":true,"href":"https:\/\/cronicadesoledad.com\/index.php\/wp-json\/wp\/v2\/categories?post=10366"},{"taxonomy":"post_tag","embeddable":true,"href":"https:\/\/cronicadesoledad.com\/index.php\/wp-json\/wp\/v2\/tags?post=10366"}],"curies":[{"name":"wp","href":"https:\/\/api.w.org\/{rel}","templated":true}]}}