{"id":10390,"date":"2024-04-15T19:00:00","date_gmt":"2024-04-16T01:00:00","guid":{"rendered":"https:\/\/cronicadesoledad.com\/?p=10390"},"modified":"2024-04-15T17:48:27","modified_gmt":"2024-04-15T23:48:27","slug":"este-26-de-abril-expo-empleo-ofertara-mas-de-dos-mil-vacantes","status":"publish","type":"post","link":"https:\/\/cronicadesoledad.com\/index.php\/2024\/04\/15\/este-26-de-abril-expo-empleo-ofertara-mas-de-dos-mil-vacantes\/","title":{"rendered":"Este 26 de abril, Expo Empleo ofertar\u00e1 m\u00e1s de dos mil vacantes"},"content":{"rendered":"\n<p>El Gobierno Municipal de Soledad de Graciano S\u00e1nchez, a trav\u00e9s de la Direcci\u00f3n de Desarrollo Econ\u00f3mico, organiza la Expo Empleo que se llevar\u00e1 a cabo el viernes 26 de abril en el Jard\u00edn principal, para facilitar la inserci\u00f3n laboral de personas de todas las edades y condiciones, creando v\u00ednculos efectivos y oportunidades de ingreso econ\u00f3mico.<\/p>\n\n\n\n<p>La dependencia municipal organiz\u00f3 a m\u00e1s de 25 empresas l\u00edderes que han confirmado su participaci\u00f3n y estar\u00e1n ofreciendo m\u00e1s de dos mil fuentes de empleo en diversos sectores, desde puestos de mantenimiento, operadores, montacarguista, hasta operadores de transporte de autob\u00fas y tr\u00e1iler, al igual que en \u00e1reas administrativas.<\/p>\n\n\n\n<p>Adem\u00e1s, con la finalidad de que todas las personas tengan una oportunidad justa de ingresar al mercado laboral, tambi\u00e9n habr\u00e1 ofertas especiales para personas con alguna discapacidad.<\/p>\n\n\n\n<p>Igualmente, personal de esta \u00e1rea municipal apoyar\u00e1 a buscadores de empleo en el proceso de llenado de solicitudes, canalizaci\u00f3n hacia las vacantes que m\u00e1s les interesen, adem\u00e1s de brindar cartas de recomendaci\u00f3n de la Direcci\u00f3n de Desarrollo Econ\u00f3mico para un mejor acercamiento con los reclutadores.<\/p>\n\n\n\n<p>La Expo Empleo donde est\u00e1n confirmada la participaci\u00f3n de empresas lideres en el sector, se llevar\u00e1 a cabo de 9 de la ma\u00f1ana hasta las 4 de la tarde, con una duraci\u00f3n hasta que se atienda al \u00faltimo interesado o interesada en obtener una oportunidad laboral.<\/p>\n","protected":false},"excerpt":{"rendered":"<p>El Gobierno Municipal de Soledad de Graciano S\u00e1nchez, a trav\u00e9s de la Direcci\u00f3n de Desarrollo Econ\u00f3mico, organiza la Expo Empleo que se llevar\u00e1 a cabo el viernes 26 de abril en el Jard\u00edn principal, para facilitar la inserci\u00f3n laboral de personas de todas las edades y condiciones, creando v\u00ednculos efectivos y oportunidades de ingreso econ\u00f3mico. [&hellip;]<\/p>\n","protected":false},"author":2,"featured_media":10391,"comment_status":"open","ping_status":"open","sticky":false,"template":"","format":"standard","meta":{"footnotes":""},"categories":[1,24,21],"tags":[223,1765,2090,727,294,261,27],"class_list":{"0":"post-10390","1":"post","2":"type-post","3":"status-publish","4":"format-standard","5":"has-post-thumbnail","7":"category-destacadas","8":"category-informacion-general","9":"category-tu-soledad","10":"tag-ayuntamiento-soledense","11":"tag-empleo","12":"tag-expo","13":"tag-expo-empleo","14":"tag-san-luis","15":"tag-slp","16":"tag-soledad"},"_links":{"self":[{"href":"https:\/\/cronicadesoledad.com\/index.php\/wp-json\/wp\/v2\/posts\/10390","targetHints":{"allow":["GET"]}}],"collection":[{"href":"https:\/\/cronicadesoledad.com\/index.php\/wp-json\/wp\/v2\/posts"}],"about":[{"href":"https:\/\/cronicadesoledad.com\/index.php\/wp-json\/wp\/v2\/types\/post"}],"author":[{"embeddable":true,"href":"https:\/\/cronicadesoledad.com\/index.php\/wp-json\/wp\/v2\/users\/2"}],"replies":[{"embeddable":true,"href":"https:\/\/cronicadesoledad.com\/index.php\/wp-json\/wp\/v2\/comments?post=10390"}],"version-history":[{"count":1,"href":"https:\/\/cronicadesoledad.com\/index.php\/wp-json\/wp\/v2\/posts\/10390\/revisions"}],"predecessor-version":[{"id":10392,"href":"https:\/\/cronicadesoledad.com\/index.php\/wp-json\/wp\/v2\/posts\/10390\/revisions\/10392"}],"wp:featuredmedia":[{"embeddable":true,"href":"https:\/\/cronicadesoledad.com\/index.php\/wp-json\/wp\/v2\/media\/10391"}],"wp:attachment":[{"href":"https:\/\/cronicadesoledad.com\/index.php\/wp-json\/wp\/v2\/media?parent=10390"}],"wp:term":[{"taxonomy":"category","embeddable":true,"href":"https:\/\/cronicadesoledad.com\/index.php\/wp-json\/wp\/v2\/categories?post=10390"},{"taxonomy":"post_tag","embeddable":true,"href":"https:\/\/cronicadesoledad.com\/index.php\/wp-json\/wp\/v2\/tags?post=10390"}],"curies":[{"name":"wp","href":"https:\/\/api.w.org\/{rel}","templated":true}]}}