{"id":10393,"date":"2024-04-15T20:00:00","date_gmt":"2024-04-16T02:00:00","guid":{"rendered":"https:\/\/cronicadesoledad.com\/?p=10393"},"modified":"2024-04-15T17:49:54","modified_gmt":"2024-04-15T23:49:54","slug":"ofrecen-clases-de-regularizacion-academica","status":"publish","type":"post","link":"https:\/\/cronicadesoledad.com\/index.php\/2024\/04\/15\/ofrecen-clases-de-regularizacion-academica\/","title":{"rendered":"Ofrecen clases de regularizaci\u00f3n acad\u00e9mica"},"content":{"rendered":"\n<p>Con la finalidad de impulsar el desarrollo educativo y el aprendizaje de las y los estudiantes, el Gobierno Municipal de Soledad de Graciano S\u00e1nchez, a trav\u00e9s de la Direcci\u00f3n de Educaci\u00f3n, ofrece clases de regularizaci\u00f3n acad\u00e9mica para estudiantes de primaria y secundaria que requieran reforzar sus conocimientos en diversas \u00e1reas.<\/p>\n\n\n\n<p>Durante todo el ciclo escolar, la Direcci\u00f3n de Educaci\u00f3n permanece abierta para proporcionar apoyo acad\u00e9mico en \u00e1reas como lectoescritura, pensamiento matem\u00e1tico, c\u00e1lculo mental y otras asignaturas fundamentales, tanto en el turno matutino como vespertino, con la asistencia de personal capacitado y acceso a un Club de Tareas y computadoras para imprimir material educativo o realizar actividades en l\u00ednea.<\/p>\n\n\n\n<p>Debido a que se ha observado una mayor demanda de apoyo en los grados de tercero a sexto a\u00f1o de primaria, especialmente, debido al pr\u00f3ximo paso a la educaci\u00f3n secundaria, se extiende la invitaci\u00f3n especialmente a las y los alumnos de sexto a\u00f1o a participar en un curso-taller dise\u00f1ado para prepararlos exitosamente para los ex\u00e1menes de ingreso a secundaria y facilitar su transici\u00f3n educativa.<\/p>\n\n\n\n<p>Las y los padres de familia interesados pueden obtener m\u00e1s informaci\u00f3n y registrar a sus hijos en las clases de regularizaci\u00f3n visitando el \u00e1rea de educaci\u00f3n en la Unidad Administrativa Municipal, ubicada en Matamoros #111 Cabecera Municipal o a los tel\u00e9fonos: 151-0877 y 151-08-78 ext. 102.<\/p>\n","protected":false},"excerpt":{"rendered":"<p>Con la finalidad de impulsar el desarrollo educativo y el aprendizaje de las y los estudiantes, el Gobierno Municipal de Soledad de Graciano S\u00e1nchez, a trav\u00e9s de la Direcci\u00f3n de Educaci\u00f3n, ofrece clases de regularizaci\u00f3n acad\u00e9mica para estudiantes de primaria y secundaria que requieran reforzar sus conocimientos en diversas \u00e1reas. Durante todo el ciclo escolar, [&hellip;]<\/p>\n","protected":false},"author":2,"featured_media":10394,"comment_status":"open","ping_status":"open","sticky":false,"template":"","format":"standard","meta":{"footnotes":""},"categories":[24,21],"tags":[223,2091,1747,1888,2092,294,261,27],"class_list":{"0":"post-10393","1":"post","2":"type-post","3":"status-publish","4":"format-standard","5":"has-post-thumbnail","7":"category-informacion-general","8":"category-tu-soledad","9":"tag-ayuntamiento-soledense","10":"tag-clases","11":"tag-clases-de-regularizacion","12":"tag-educacion-2","13":"tag-regularizacion","14":"tag-san-luis","15":"tag-slp","16":"tag-soledad"},"_links":{"self":[{"href":"https:\/\/cronicadesoledad.com\/index.php\/wp-json\/wp\/v2\/posts\/10393","targetHints":{"allow":["GET"]}}],"collection":[{"href":"https:\/\/cronicadesoledad.com\/index.php\/wp-json\/wp\/v2\/posts"}],"about":[{"href":"https:\/\/cronicadesoledad.com\/index.php\/wp-json\/wp\/v2\/types\/post"}],"author":[{"embeddable":true,"href":"https:\/\/cronicadesoledad.com\/index.php\/wp-json\/wp\/v2\/users\/2"}],"replies":[{"embeddable":true,"href":"https:\/\/cronicadesoledad.com\/index.php\/wp-json\/wp\/v2\/comments?post=10393"}],"version-history":[{"count":1,"href":"https:\/\/cronicadesoledad.com\/index.php\/wp-json\/wp\/v2\/posts\/10393\/revisions"}],"predecessor-version":[{"id":10395,"href":"https:\/\/cronicadesoledad.com\/index.php\/wp-json\/wp\/v2\/posts\/10393\/revisions\/10395"}],"wp:featuredmedia":[{"embeddable":true,"href":"https:\/\/cronicadesoledad.com\/index.php\/wp-json\/wp\/v2\/media\/10394"}],"wp:attachment":[{"href":"https:\/\/cronicadesoledad.com\/index.php\/wp-json\/wp\/v2\/media?parent=10393"}],"wp:term":[{"taxonomy":"category","embeddable":true,"href":"https:\/\/cronicadesoledad.com\/index.php\/wp-json\/wp\/v2\/categories?post=10393"},{"taxonomy":"post_tag","embeddable":true,"href":"https:\/\/cronicadesoledad.com\/index.php\/wp-json\/wp\/v2\/tags?post=10393"}],"curies":[{"name":"wp","href":"https:\/\/api.w.org\/{rel}","templated":true}]}}