{"id":10399,"date":"2024-04-16T19:00:00","date_gmt":"2024-04-17T01:00:00","guid":{"rendered":"https:\/\/cronicadesoledad.com\/?p=10399"},"modified":"2024-04-16T19:16:43","modified_gmt":"2024-04-17T01:16:43","slug":"emiten-medidas-de-prevencion-ante-riesgos-de-incendios","status":"publish","type":"post","link":"https:\/\/cronicadesoledad.com\/index.php\/2024\/04\/16\/emiten-medidas-de-prevencion-ante-riesgos-de-incendios\/","title":{"rendered":"Emiten medidas de prevenci\u00f3n ante riesgos de incendios"},"content":{"rendered":"\n<p>El Gobierno Municipal de Soledad de Graciano S\u00e1nchez, a trav\u00e9s de la Coordinaci\u00f3n de Protecci\u00f3n Civil, inform\u00f3 que los riesgos de incendios forestales se han incrementado significativamente ante la temporada cr\u00edtica de altas temperaturas que abarca todo el mes de abril y mediados de mayo, por lo que emite recomendaciones b\u00e1sicas pero primordiales a la poblaci\u00f3n para evitar este tipo de siniestros.<\/p>\n\n\n\n<p>Por lo anterior, elementos de Protecci\u00f3n Civil han estado realizando pl\u00e1ticas y capacitaciones para fortalecer la capacidad de respuesta ante estos incidentes, adem\u00e1s de contar con el apoyo de la Comisi\u00f3n Nacional Forestal (CONAFOR) para enfrentar situaciones de emergencia, especialmente cuando se presentan incendios de gran magnitud en las comunidades soledenses.<\/p>\n\n\n\n<p>Asimismo, se emiten recomendaciones a la poblaci\u00f3n para prevenir futuros incendios forestales como: evitar quemas de basura en lotes bald\u00edos u otras \u00e1reas abiertas; mantener la vigilancia y denuncia ante cualquier actividad sospechosa de quema o fuego no controlado y no arrojar colillas de cigarrillos ya que pueden provocar incendios en \u00e1reas secas.<\/p>\n\n\n\n<p>Durante el mes pasado, se registraron un total de nueve incendios en diversas zonas, principalmente en lotes bald\u00edos y pastizales ubicados en \u00e1reas como Palma de la Cruz y Estaci\u00f3n Techa. La mayor\u00eda de estos incidentes fueron provocados por quemas de basura no controladas, por lo que se actu\u00f3 y evit\u00f3 que dichas quemas se expandieran, resguardando la integridad de la ciudadan\u00eda.<\/p>\n","protected":false},"excerpt":{"rendered":"<p>El Gobierno Municipal de Soledad de Graciano S\u00e1nchez, a trav\u00e9s de la Coordinaci\u00f3n de Protecci\u00f3n Civil, inform\u00f3 que los riesgos de incendios forestales se han incrementado significativamente ante la temporada cr\u00edtica de altas temperaturas que abarca todo el mes de abril y mediados de mayo, por lo que emite recomendaciones b\u00e1sicas pero primordiales a la [&hellip;]<\/p>\n","protected":false},"author":2,"featured_media":10400,"comment_status":"open","ping_status":"open","sticky":false,"template":"","format":"standard","meta":{"footnotes":""},"categories":[1,24,21],"tags":[223,1852,2093,525,294,276,261,27],"class_list":{"0":"post-10399","1":"post","2":"type-post","3":"status-publish","4":"format-standard","5":"has-post-thumbnail","7":"category-destacadas","8":"category-informacion-general","9":"category-tu-soledad","10":"tag-ayuntamiento-soledense","11":"tag-calor","12":"tag-incendios","13":"tag-proteccion-civil","14":"tag-san-luis","15":"tag-seguridad","16":"tag-slp","17":"tag-soledad"},"_links":{"self":[{"href":"https:\/\/cronicadesoledad.com\/index.php\/wp-json\/wp\/v2\/posts\/10399","targetHints":{"allow":["GET"]}}],"collection":[{"href":"https:\/\/cronicadesoledad.com\/index.php\/wp-json\/wp\/v2\/posts"}],"about":[{"href":"https:\/\/cronicadesoledad.com\/index.php\/wp-json\/wp\/v2\/types\/post"}],"author":[{"embeddable":true,"href":"https:\/\/cronicadesoledad.com\/index.php\/wp-json\/wp\/v2\/users\/2"}],"replies":[{"embeddable":true,"href":"https:\/\/cronicadesoledad.com\/index.php\/wp-json\/wp\/v2\/comments?post=10399"}],"version-history":[{"count":1,"href":"https:\/\/cronicadesoledad.com\/index.php\/wp-json\/wp\/v2\/posts\/10399\/revisions"}],"predecessor-version":[{"id":10401,"href":"https:\/\/cronicadesoledad.com\/index.php\/wp-json\/wp\/v2\/posts\/10399\/revisions\/10401"}],"wp:featuredmedia":[{"embeddable":true,"href":"https:\/\/cronicadesoledad.com\/index.php\/wp-json\/wp\/v2\/media\/10400"}],"wp:attachment":[{"href":"https:\/\/cronicadesoledad.com\/index.php\/wp-json\/wp\/v2\/media?parent=10399"}],"wp:term":[{"taxonomy":"category","embeddable":true,"href":"https:\/\/cronicadesoledad.com\/index.php\/wp-json\/wp\/v2\/categories?post=10399"},{"taxonomy":"post_tag","embeddable":true,"href":"https:\/\/cronicadesoledad.com\/index.php\/wp-json\/wp\/v2\/tags?post=10399"}],"curies":[{"name":"wp","href":"https:\/\/api.w.org\/{rel}","templated":true}]}}