{"id":10411,"date":"2024-04-17T19:00:00","date_gmt":"2024-04-18T01:00:00","guid":{"rendered":"https:\/\/cronicadesoledad.com\/?p=10411"},"modified":"2024-04-17T18:16:37","modified_gmt":"2024-04-18T00:16:37","slug":"dif-soledense-entrega-apoyos-tecnicos-a-grupos-vulnerables","status":"publish","type":"post","link":"https:\/\/cronicadesoledad.com\/index.php\/2024\/04\/17\/dif-soledense-entrega-apoyos-tecnicos-a-grupos-vulnerables\/","title":{"rendered":"DIF soledense entrega apoyos t\u00e9cnicos a grupos vulnerables"},"content":{"rendered":"\n<p>El Gobierno Municipal de Soledad de Graciano S\u00e1nchez, a trav\u00e9s del Sistema Municipal para el Desarrollo Integral de la Familia (DIF), efectu\u00f3 la entrega de apoyos t\u00e9cnicos a personas con discapacidad en el municipio, con la finalidad de promover su inclusi\u00f3n, dignidad y bienestar.<\/p>\n\n\n\n<p>En esta ocasi\u00f3n, se entregaron m\u00e1s de 15 sillas de ruedas, muletas, bastones y otros dispositivos auxiliares, con el objetivo de mejorar la movilidad y calidad de vida de quienes m\u00e1s lo necesitan, como parte de las acciones continuas que se realizan de manera mensual en beneficio de las personas con discapacidad y sus familias.<\/p>\n\n\n\n<p>Adem\u00e1s de los apoyos t\u00e9cnicos, el Sistema Municipal DIF brinda asistencia en otros aspectos vitales para las personas con discapacidad, tales como apoyos de Transporte para facilitar la movilidad de las personas m\u00e1s vulnerables hacia sus terapias m\u00e9dicas y actividades cotidianas.<\/p>\n\n\n\n<p>Tambi\u00e9n, se otorgan paquetes mensuales de pa\u00f1ales para aquellos que requieren este recurso esencial, y apoyos para el emprendimiento que permitan mejorar la autonom\u00eda econ\u00f3mica de las personas con discapacidad.<\/p>\n\n\n\n<p>Es importante destacar que los apoyos de pa\u00f1ales, transporte y sillas de ruedas est\u00e1n disponibles para quienes se acerquen al Sistema Municipal DIF y cumplan con los criterios establecidos para recibir estos beneficios.<\/p>\n\n\n\n<p>Adem\u00e1s de la entrega de estos apoyos, se organiz\u00f3 una conferencia especial a cargo del Sistema de Financiamiento para el Desarrollo del Estado (SIFIDE), con la finalidad de impulsar emprendimientos y ofrecer herramientas financieras a las personas con discapacidad, as\u00ed como recibir orientaci\u00f3n sobre c\u00f3mo iniciar y desarrollar proyectos comerciales o sociales.<\/p>\n","protected":false},"excerpt":{"rendered":"<p>El Gobierno Municipal de Soledad de Graciano S\u00e1nchez, a trav\u00e9s del Sistema Municipal para el Desarrollo Integral de la Familia (DIF), efectu\u00f3 la entrega de apoyos t\u00e9cnicos a personas con discapacidad en el municipio, con la finalidad de promover su inclusi\u00f3n, dignidad y bienestar. En esta ocasi\u00f3n, se entregaron m\u00e1s de 15 sillas de ruedas, [&hellip;]<\/p>\n","protected":false},"author":2,"featured_media":10412,"comment_status":"open","ping_status":"open","sticky":false,"template":"","format":"standard","meta":{"footnotes":""},"categories":[24,21],"tags":[446,2101,223,427,2100,294,261,27],"class_list":{"0":"post-10411","1":"post","2":"type-post","3":"status-publish","4":"format-standard","5":"has-post-thumbnail","7":"category-informacion-general","8":"category-tu-soledad","9":"tag-apoyo","10":"tag-apoyos-tecnicos","11":"tag-ayuntamiento-soledense","12":"tag-dif-soledense","13":"tag-grupos-vulnerables","14":"tag-san-luis","15":"tag-slp","16":"tag-soledad"},"_links":{"self":[{"href":"https:\/\/cronicadesoledad.com\/index.php\/wp-json\/wp\/v2\/posts\/10411","targetHints":{"allow":["GET"]}}],"collection":[{"href":"https:\/\/cronicadesoledad.com\/index.php\/wp-json\/wp\/v2\/posts"}],"about":[{"href":"https:\/\/cronicadesoledad.com\/index.php\/wp-json\/wp\/v2\/types\/post"}],"author":[{"embeddable":true,"href":"https:\/\/cronicadesoledad.com\/index.php\/wp-json\/wp\/v2\/users\/2"}],"replies":[{"embeddable":true,"href":"https:\/\/cronicadesoledad.com\/index.php\/wp-json\/wp\/v2\/comments?post=10411"}],"version-history":[{"count":1,"href":"https:\/\/cronicadesoledad.com\/index.php\/wp-json\/wp\/v2\/posts\/10411\/revisions"}],"predecessor-version":[{"id":10413,"href":"https:\/\/cronicadesoledad.com\/index.php\/wp-json\/wp\/v2\/posts\/10411\/revisions\/10413"}],"wp:featuredmedia":[{"embeddable":true,"href":"https:\/\/cronicadesoledad.com\/index.php\/wp-json\/wp\/v2\/media\/10412"}],"wp:attachment":[{"href":"https:\/\/cronicadesoledad.com\/index.php\/wp-json\/wp\/v2\/media?parent=10411"}],"wp:term":[{"taxonomy":"category","embeddable":true,"href":"https:\/\/cronicadesoledad.com\/index.php\/wp-json\/wp\/v2\/categories?post=10411"},{"taxonomy":"post_tag","embeddable":true,"href":"https:\/\/cronicadesoledad.com\/index.php\/wp-json\/wp\/v2\/tags?post=10411"}],"curies":[{"name":"wp","href":"https:\/\/api.w.org\/{rel}","templated":true}]}}