{"id":10429,"date":"2024-04-18T21:00:00","date_gmt":"2024-04-19T03:00:00","guid":{"rendered":"https:\/\/cronicadesoledad.com\/?p=10429"},"modified":"2024-04-18T19:38:41","modified_gmt":"2024-04-19T01:38:41","slug":"participacion-ciudadana-invita-a-ninas-y-ninos-a-participar-en-talleres-recreativos","status":"publish","type":"post","link":"https:\/\/cronicadesoledad.com\/index.php\/2024\/04\/18\/participacion-ciudadana-invita-a-ninas-y-ninos-a-participar-en-talleres-recreativos\/","title":{"rendered":"Participaci\u00f3n Ciudadana invita a ni\u00f1as y ni\u00f1os a participar en talleres recreativos"},"content":{"rendered":"\n<p>Con el objetivo de promover el desarrollo infantil y estimular la creatividad y habilidades de las y los infantes, el Gobierno Municipal de Soledad de Graciano S\u00e1nchez, a trav\u00e9s de la Coordinaci\u00f3n de Participaci\u00f3n Ciudadana, llevar\u00e1 a cabo una serie de talleres especiales y gratuitos para celebrar el D\u00eda del Ni\u00f1o y la Ni\u00f1a, mismas que dar\u00e1n inicio este 22 de abril.<\/p>\n\n\n\n<p>Estas actividades est\u00e1n dirigidas a ni\u00f1os de 6 a 12 a\u00f1os de edad, quienes podr\u00e1n asistir acompa\u00f1ados de sus mam\u00e1s, arrancar\u00e1n con un taller de manualidades de foamy, donde los y las peque\u00f1as tendr\u00e1n la oportunidad de explorar su creatividad realizando piezas divertidas y coloridas.<\/p>\n\n\n\n<p>El 29 de abril se llevar\u00e1 a cabo el taller de creaciones comestibles donde las y los ni\u00f1os podr\u00e1n participar en divertidas actividades culinarias, como la elaboraci\u00f3n de manzanas cubiertas de chocolate, paletas de chocolate y decoraci\u00f3n de galletas, en los cuales pueden participar junto con sus mam\u00e1s, para que disfruten juntos de las actividades educativas y divertidas.<\/p>\n\n\n\n<p>Asimismo, se planearon actividades para el 30 de abril, que iniciar\u00e1n con la entrega de juguetes, juegos de bolos, adem\u00e1s de regalar dulces y helado a los ni\u00f1os y ni\u00f1as del municipio para celebrar su d\u00eda, de esta manera se busca fortalecer el v\u00ednculo familiar y contribuir al desarrollo integral de las y los ni\u00f1os soledenses.<\/p>\n\n\n\n<p>Para m\u00e1s informaci\u00f3n y registro a estas actividades, la Coordinaci\u00f3n de Participaci\u00f3n Ciudadana pone a disposici\u00f3n de la ciudadan\u00eda la l\u00ednea telef\u00f3nica 151-0877 y 151-08-78 ext. 107, donde padres y madres podr\u00e1n inscribir a sus peque\u00f1os y conocer mayor informaci\u00f3n.<\/p>\n","protected":false},"excerpt":{"rendered":"<p>Con el objetivo de promover el desarrollo infantil y estimular la creatividad y habilidades de las y los infantes, el Gobierno Municipal de Soledad de Graciano S\u00e1nchez, a trav\u00e9s de la Coordinaci\u00f3n de Participaci\u00f3n Ciudadana, llevar\u00e1 a cabo una serie de talleres especiales y gratuitos para celebrar el D\u00eda del Ni\u00f1o y la Ni\u00f1a, mismas [&hellip;]<\/p>\n","protected":false},"author":2,"featured_media":10430,"comment_status":"open","ping_status":"open","sticky":false,"template":"","format":"standard","meta":{"footnotes":""},"categories":[24,21],"tags":[223,2110,2042,2113,2111,294,261,27,366,2112],"class_list":{"0":"post-10429","1":"post","2":"type-post","3":"status-publish","4":"format-standard","5":"has-post-thumbnail","7":"category-informacion-general","8":"category-tu-soledad","9":"tag-ayuntamiento-soledense","10":"tag-ninas-2","11":"tag-ninos-2","12":"tag-prticipacion-ciudadana","13":"tag-recreativos","14":"tag-san-luis","15":"tag-slp","16":"tag-soledad","17":"tag-talleres","18":"tag-talleres-recrativos"},"_links":{"self":[{"href":"https:\/\/cronicadesoledad.com\/index.php\/wp-json\/wp\/v2\/posts\/10429","targetHints":{"allow":["GET"]}}],"collection":[{"href":"https:\/\/cronicadesoledad.com\/index.php\/wp-json\/wp\/v2\/posts"}],"about":[{"href":"https:\/\/cronicadesoledad.com\/index.php\/wp-json\/wp\/v2\/types\/post"}],"author":[{"embeddable":true,"href":"https:\/\/cronicadesoledad.com\/index.php\/wp-json\/wp\/v2\/users\/2"}],"replies":[{"embeddable":true,"href":"https:\/\/cronicadesoledad.com\/index.php\/wp-json\/wp\/v2\/comments?post=10429"}],"version-history":[{"count":1,"href":"https:\/\/cronicadesoledad.com\/index.php\/wp-json\/wp\/v2\/posts\/10429\/revisions"}],"predecessor-version":[{"id":10431,"href":"https:\/\/cronicadesoledad.com\/index.php\/wp-json\/wp\/v2\/posts\/10429\/revisions\/10431"}],"wp:featuredmedia":[{"embeddable":true,"href":"https:\/\/cronicadesoledad.com\/index.php\/wp-json\/wp\/v2\/media\/10430"}],"wp:attachment":[{"href":"https:\/\/cronicadesoledad.com\/index.php\/wp-json\/wp\/v2\/media?parent=10429"}],"wp:term":[{"taxonomy":"category","embeddable":true,"href":"https:\/\/cronicadesoledad.com\/index.php\/wp-json\/wp\/v2\/categories?post=10429"},{"taxonomy":"post_tag","embeddable":true,"href":"https:\/\/cronicadesoledad.com\/index.php\/wp-json\/wp\/v2\/tags?post=10429"}],"curies":[{"name":"wp","href":"https:\/\/api.w.org\/{rel}","templated":true}]}}