{"id":10448,"date":"2024-04-22T04:00:00","date_gmt":"2024-04-22T10:00:00","guid":{"rendered":"https:\/\/cronicadesoledad.com\/?p=10448"},"modified":"2024-04-21T23:58:16","modified_gmt":"2024-04-22T05:58:16","slug":"junto-a-candidata-al-senado-arranca-campana-de-navarro","status":"publish","type":"post","link":"https:\/\/cronicadesoledad.com\/index.php\/2024\/04\/22\/junto-a-candidata-al-senado-arranca-campana-de-navarro\/","title":{"rendered":"Junto a candidata al Senado, arranca campa\u00f1a de Navarro"},"content":{"rendered":"\n<p>Con un evento programado para comenzar exactamente a las cero horas del s\u00e1bado 20 de abril, Juan Manuel Navarro Mu\u00f1iz, arrancar\u00e1 su campa\u00f1a a la Presidencia Municipal de Soledad de Graciano S\u00e1nchez por el Partido Verde Ecologista en la colonia Quintas de la Hacienda.<\/p>\n\n\n\n<p>En el evento se reunir\u00e1n partidarios y simpatizantes de Juan Manuel Navarro, a quien la gente conoce por su desempe\u00f1o como funcionario p\u00fablico, ya que ha recorrido colonias y comunidades del municipio, escuchando sus necesidades y dando respuesta puntual a las mismas.<\/p>\n\n\n\n<p>En la avenida Cactus de la colonia Quintas de la Hacienda, los simpatizantes del candidato se reunir\u00e1n desde la noche de este viernes, en espera del arranque oficial, en una muestra del respaldo hacia la persona que cuenta con la experiencia para aterrizar obras y programas en beneficio de las familias soledenses.<\/p>\n\n\n\n<p>Con este evento, el candidato inicia una intensa jornada de actividades y propuestas, encaminadas a seguir impulsando el progreso y desarrollo del municipio de Soledad.<\/p>\n","protected":false},"excerpt":{"rendered":"<p>Con un evento programado para comenzar exactamente a las cero horas del s\u00e1bado 20 de abril, Juan Manuel Navarro Mu\u00f1iz, arrancar\u00e1 su campa\u00f1a a la Presidencia Municipal de Soledad de Graciano S\u00e1nchez por el Partido Verde Ecologista en la colonia Quintas de la Hacienda. En el evento se reunir\u00e1n partidarios y simpatizantes de Juan Manuel [&hellip;]<\/p>\n","protected":false},"author":2,"featured_media":10449,"comment_status":"open","ping_status":"open","sticky":false,"template":"","format":"standard","meta":{"footnotes":""},"categories":[1,24,21],"tags":[1968,1969,223,2124,2122,2123,294,922,261,27],"class_list":{"0":"post-10448","1":"post","2":"type-post","3":"status-publish","4":"format-standard","5":"has-post-thumbnail","7":"category-destacadas","8":"category-informacion-general","9":"category-tu-soledad","10":"tag-alcalde","11":"tag-alcaldia","12":"tag-ayuntamiento-soledense","13":"tag-juan-manuel-navarro-muniz","14":"tag-presidencial-municipal-soledense","15":"tag-ruth-gonzalez","16":"tag-san-luis","17":"tag-senado","18":"tag-slp","19":"tag-soledad"},"_links":{"self":[{"href":"https:\/\/cronicadesoledad.com\/index.php\/wp-json\/wp\/v2\/posts\/10448","targetHints":{"allow":["GET"]}}],"collection":[{"href":"https:\/\/cronicadesoledad.com\/index.php\/wp-json\/wp\/v2\/posts"}],"about":[{"href":"https:\/\/cronicadesoledad.com\/index.php\/wp-json\/wp\/v2\/types\/post"}],"author":[{"embeddable":true,"href":"https:\/\/cronicadesoledad.com\/index.php\/wp-json\/wp\/v2\/users\/2"}],"replies":[{"embeddable":true,"href":"https:\/\/cronicadesoledad.com\/index.php\/wp-json\/wp\/v2\/comments?post=10448"}],"version-history":[{"count":1,"href":"https:\/\/cronicadesoledad.com\/index.php\/wp-json\/wp\/v2\/posts\/10448\/revisions"}],"predecessor-version":[{"id":10450,"href":"https:\/\/cronicadesoledad.com\/index.php\/wp-json\/wp\/v2\/posts\/10448\/revisions\/10450"}],"wp:featuredmedia":[{"embeddable":true,"href":"https:\/\/cronicadesoledad.com\/index.php\/wp-json\/wp\/v2\/media\/10449"}],"wp:attachment":[{"href":"https:\/\/cronicadesoledad.com\/index.php\/wp-json\/wp\/v2\/media?parent=10448"}],"wp:term":[{"taxonomy":"category","embeddable":true,"href":"https:\/\/cronicadesoledad.com\/index.php\/wp-json\/wp\/v2\/categories?post=10448"},{"taxonomy":"post_tag","embeddable":true,"href":"https:\/\/cronicadesoledad.com\/index.php\/wp-json\/wp\/v2\/tags?post=10448"}],"curies":[{"name":"wp","href":"https:\/\/api.w.org\/{rel}","templated":true}]}}