{"id":10461,"date":"2024-04-22T19:00:00","date_gmt":"2024-04-23T01:00:00","guid":{"rendered":"https:\/\/cronicadesoledad.com\/?p=10461"},"modified":"2024-04-22T18:49:14","modified_gmt":"2024-04-23T00:49:14","slug":"anuncian-nuevo-titular-de-transito-y-policia-vial","status":"publish","type":"post","link":"https:\/\/cronicadesoledad.com\/index.php\/2024\/04\/22\/anuncian-nuevo-titular-de-transito-y-policia-vial\/","title":{"rendered":"Anuncian nuevo titular de Tr\u00e1nsito y Polic\u00eda Vial"},"content":{"rendered":"\n<p>Con el objetivo de incrementar y garantizar los mejores resultados y atenci\u00f3n a la ciudadan\u00eda en materia de seguridad, este lunes, la Alcaldesa interina de Soledad de Graciano S\u00e1nchez, Araceli Mart\u00ednez P\u00e9rez tom\u00f3 protesta al comandante Miguel \u00c1ngel Hern\u00e1ndez Hern\u00e1ndez, como nuevo titular de la Direcci\u00f3n de Tr\u00e1nsito y Polic\u00eda Vial en la Direcci\u00f3n General, en sustituci\u00f3n del coronel retirado Enrique L\u00f3pez Hurtado. Adem\u00e1s, se ratific\u00f3 como Director de Fuerzas Municipales al comandante Juan Jos\u00e9 Sierra L\u00f3pez, quien desde hace d\u00edas fung\u00eda como responsable de despacho.<\/p>\n\n\n\n<p>El comandante Miguel Hern\u00e1ndez cuenta con una amplia experiencia de 19 a\u00f1os al servicio p\u00fablico dentro de la corporaci\u00f3n como jefe de regi\u00f3n y coordinador operativo en la Direcci\u00f3n de Fuerzas Municipales, as\u00ed como en labores viales en la Direcci\u00f3n de Tr\u00e1nsito Vial y Protecci\u00f3n Civil Municipal. Con el af\u00e1n de mantener acciones contundentes y reafirmar el compromiso con las y los soledenses, se tom\u00f3 la decisi\u00f3n de ponerlo frente a la Direcci\u00f3n.<\/p>\n\n\n\n<p>Acompa\u00f1ada por el secretario General del Ayuntamiento, Benjam\u00edn P\u00e9rez \u00c1lvarez y el titular de Seguridad P\u00fablica Municipal, comisario Jorge Ram\u00edrez Leyva; la edil soledense ratific\u00f3 ahora como titular de Fuerzas Municipales al comandante Juan Jos\u00e9 Sierra L\u00f3pez, quien previamente se le hab\u00eda dado la encomienda como responsable de despacho, pero en un acto solemne recibi\u00f3 el nombramiento oficial.<\/p>\n\n\n\n<p>Ah\u00ed, los inst\u00f3 a servir con vocaci\u00f3n, transparencia y honradez en favor de la seguridad en las calles y colonias del municipio, con una pronta actuaci\u00f3n a los llamados de emergencias y situaciones de riesgo, as\u00ed como fortalecer la prevenci\u00f3n de actos que vulneren la salvaguarda de las personas y seguir dando resultados en el combate de il\u00edcitos.<\/p>\n\n\n\n<p>Estos cambios surgen del compromiso que el Ayuntamiento de Soledad reitera a la ciudadan\u00eda para garantizar paz y tranquilidad a las familias de la demarcaci\u00f3n, adem\u00e1s de generar una atenci\u00f3n integral y aumentar los resultados positivos que se han dejado en m\u00e1s de dos a\u00f1os de arduo trabajo.<\/p>\n","protected":false},"excerpt":{"rendered":"<p>Con el objetivo de incrementar y garantizar los mejores resultados y atenci\u00f3n a la ciudadan\u00eda en materia de seguridad, este lunes, la Alcaldesa interina de Soledad de Graciano S\u00e1nchez, Araceli Mart\u00ednez P\u00e9rez tom\u00f3 protesta al comandante Miguel \u00c1ngel Hern\u00e1ndez Hern\u00e1ndez, como nuevo titular de la Direcci\u00f3n de Tr\u00e1nsito y Polic\u00eda Vial en la Direcci\u00f3n General, [&hellip;]<\/p>\n","protected":false},"author":2,"featured_media":10462,"comment_status":"open","ping_status":"open","sticky":false,"template":"","format":"standard","meta":{"footnotes":""},"categories":[1,24,19,21],"tags":[223,959,294,261,27,2129,958],"class_list":{"0":"post-10461","1":"post","2":"type-post","3":"status-publish","4":"format-standard","5":"has-post-thumbnail","7":"category-destacadas","8":"category-informacion-general","9":"category-seguridad","10":"category-tu-soledad","11":"tag-ayuntamiento-soledense","12":"tag-policia-vial","13":"tag-san-luis","14":"tag-slp","15":"tag-soledad","16":"tag-transito-2","17":"tag-vialidad"},"_links":{"self":[{"href":"https:\/\/cronicadesoledad.com\/index.php\/wp-json\/wp\/v2\/posts\/10461","targetHints":{"allow":["GET"]}}],"collection":[{"href":"https:\/\/cronicadesoledad.com\/index.php\/wp-json\/wp\/v2\/posts"}],"about":[{"href":"https:\/\/cronicadesoledad.com\/index.php\/wp-json\/wp\/v2\/types\/post"}],"author":[{"embeddable":true,"href":"https:\/\/cronicadesoledad.com\/index.php\/wp-json\/wp\/v2\/users\/2"}],"replies":[{"embeddable":true,"href":"https:\/\/cronicadesoledad.com\/index.php\/wp-json\/wp\/v2\/comments?post=10461"}],"version-history":[{"count":1,"href":"https:\/\/cronicadesoledad.com\/index.php\/wp-json\/wp\/v2\/posts\/10461\/revisions"}],"predecessor-version":[{"id":10463,"href":"https:\/\/cronicadesoledad.com\/index.php\/wp-json\/wp\/v2\/posts\/10461\/revisions\/10463"}],"wp:featuredmedia":[{"embeddable":true,"href":"https:\/\/cronicadesoledad.com\/index.php\/wp-json\/wp\/v2\/media\/10462"}],"wp:attachment":[{"href":"https:\/\/cronicadesoledad.com\/index.php\/wp-json\/wp\/v2\/media?parent=10461"}],"wp:term":[{"taxonomy":"category","embeddable":true,"href":"https:\/\/cronicadesoledad.com\/index.php\/wp-json\/wp\/v2\/categories?post=10461"},{"taxonomy":"post_tag","embeddable":true,"href":"https:\/\/cronicadesoledad.com\/index.php\/wp-json\/wp\/v2\/tags?post=10461"}],"curies":[{"name":"wp","href":"https:\/\/api.w.org\/{rel}","templated":true}]}}