{"id":10470,"date":"2024-04-23T19:00:00","date_gmt":"2024-04-24T01:00:00","guid":{"rendered":"https:\/\/cronicadesoledad.com\/?p=10470"},"modified":"2024-04-23T17:37:51","modified_gmt":"2024-04-23T23:37:51","slug":"refuerzan-programa-integral-de-limpieza-de-calles-y-avenidas","status":"publish","type":"post","link":"https:\/\/cronicadesoledad.com\/index.php\/2024\/04\/23\/refuerzan-programa-integral-de-limpieza-de-calles-y-avenidas\/","title":{"rendered":"Refuerzan programa integral de limpieza de calles y avenidas"},"content":{"rendered":"\n<p>El Gobierno Municipal de Soledad de Graciano S\u00e1nchez, a trav\u00e9s de la Direcci\u00f3n de Servicios Municipales y Aseo P\u00fablico, contin\u00faa garantizando y ampliando el programa de limpieza integral en las calles y avenidas del municipio, con el prop\u00f3sito de mantener un entorno limpio y seguro para habitantes, automovilistas y peatones.<\/p>\n\n\n\n<p>Este programa ha permitido intervenir hasta la fecha aproximadamente 30 \u00e1reas, llevando a cabo acciones como la recolecci\u00f3n de desechos, poda de \u00e1rboles, y eliminaci\u00f3n de maleza, entre otras actividades, medidas que son cruciales para prevenir riesgos a la seguridad p\u00fablica, como incendios, accidentes de tr\u00e1fico y problemas de salud derivados de la acumulaci\u00f3n de desechos.<\/p>\n\n\n\n<p>Como parte de estas labores, diariamente se recolectan entre una y media y dos toneladas de desechos, provenientes de actividades como la poda de \u00e1rboles, encalado de postes, barrido manual, deshierbe de maleza, remoci\u00f3n de escombros y tierra, adem\u00e1s de la recolecci\u00f3n diaria de residuos.<\/p>\n\n\n\n<p>Entre las vialidades intervenidas se encuentran las avenidas de las Aves en Hogares Populares Pav\u00f3n, del Mezquite en el Fraccionamiento Santa Luc\u00eda; M\u00e9xico y Soledad en la colonia San Felipe; Bella Vista en San Lorenzo; Acceso Norte, as\u00ed como diversas calles de la Cabecera municipal como Zaragoza, Hidalgo, Ju\u00e1rez, Negrete, Ocampo, Ray\u00f3n, Zaragoza y Libertad, entre otras.<\/p>\n","protected":false},"excerpt":{"rendered":"<p>El Gobierno Municipal de Soledad de Graciano S\u00e1nchez, a trav\u00e9s de la Direcci\u00f3n de Servicios Municipales y Aseo P\u00fablico, contin\u00faa garantizando y ampliando el programa de limpieza integral en las calles y avenidas del municipio, con el prop\u00f3sito de mantener un entorno limpio y seguro para habitantes, automovilistas y peatones. Este programa ha permitido intervenir [&hellip;]<\/p>\n","protected":false},"author":2,"featured_media":10471,"comment_status":"open","ping_status":"open","sticky":false,"template":"","format":"standard","meta":{"footnotes":""},"categories":[24,21],"tags":[223,1428,581,2131,294,261,27],"class_list":{"0":"post-10470","1":"post","2":"type-post","3":"status-publish","4":"format-standard","5":"has-post-thumbnail","7":"category-informacion-general","8":"category-tu-soledad","9":"tag-ayuntamiento-soledense","10":"tag-calles","11":"tag-limpieza","12":"tag-limpieza-de-calles","13":"tag-san-luis","14":"tag-slp","15":"tag-soledad"},"_links":{"self":[{"href":"https:\/\/cronicadesoledad.com\/index.php\/wp-json\/wp\/v2\/posts\/10470","targetHints":{"allow":["GET"]}}],"collection":[{"href":"https:\/\/cronicadesoledad.com\/index.php\/wp-json\/wp\/v2\/posts"}],"about":[{"href":"https:\/\/cronicadesoledad.com\/index.php\/wp-json\/wp\/v2\/types\/post"}],"author":[{"embeddable":true,"href":"https:\/\/cronicadesoledad.com\/index.php\/wp-json\/wp\/v2\/users\/2"}],"replies":[{"embeddable":true,"href":"https:\/\/cronicadesoledad.com\/index.php\/wp-json\/wp\/v2\/comments?post=10470"}],"version-history":[{"count":1,"href":"https:\/\/cronicadesoledad.com\/index.php\/wp-json\/wp\/v2\/posts\/10470\/revisions"}],"predecessor-version":[{"id":10472,"href":"https:\/\/cronicadesoledad.com\/index.php\/wp-json\/wp\/v2\/posts\/10470\/revisions\/10472"}],"wp:featuredmedia":[{"embeddable":true,"href":"https:\/\/cronicadesoledad.com\/index.php\/wp-json\/wp\/v2\/media\/10471"}],"wp:attachment":[{"href":"https:\/\/cronicadesoledad.com\/index.php\/wp-json\/wp\/v2\/media?parent=10470"}],"wp:term":[{"taxonomy":"category","embeddable":true,"href":"https:\/\/cronicadesoledad.com\/index.php\/wp-json\/wp\/v2\/categories?post=10470"},{"taxonomy":"post_tag","embeddable":true,"href":"https:\/\/cronicadesoledad.com\/index.php\/wp-json\/wp\/v2\/tags?post=10470"}],"curies":[{"name":"wp","href":"https:\/\/api.w.org\/{rel}","templated":true}]}}