{"id":10476,"date":"2024-04-23T21:00:00","date_gmt":"2024-04-24T03:00:00","guid":{"rendered":"https:\/\/cronicadesoledad.com\/?p=10476"},"modified":"2024-04-23T17:44:49","modified_gmt":"2024-04-23T23:44:49","slug":"con-cuentacuentos-escuelas-conmemoraron-el-dia-del-libro","status":"publish","type":"post","link":"https:\/\/cronicadesoledad.com\/index.php\/2024\/04\/23\/con-cuentacuentos-escuelas-conmemoraron-el-dia-del-libro\/","title":{"rendered":"Con cuentacuentos, escuelas conmemoraron el D\u00eda del Libro"},"content":{"rendered":"\n<p>Con el objetivo de fomentar el amor por la lectura y la imaginaci\u00f3n entre ni\u00f1as, ni\u00f1os y j\u00f3venes del municipio, el Gobierno Municipal de Soledad de Graciano S\u00e1nchez, a trav\u00e9s de la Coordinaci\u00f3n de Bibliotecas, dio inicio al programa &#8220;Biblioteca Itinerante con Cuentacuentos&#8221; en el marco del D\u00eda Internacional del Libro y del D\u00eda del Ni\u00f1o y de la Ni\u00f1a.<\/p>\n\n\n\n<p>Este programa tuvo su arranque este 23 de abril en la escuela primaria \u201cAmalia Noyola\u201d, donde los cuentacuentos, vestidos de payasos y acompa\u00f1ados de una colorida carpa, crearon un ambiente l\u00fadico y educativo que encant\u00f3 a las y los peque\u00f1os, adem\u00e1s de promover as\u00ed la educaci\u00f3n y el acceso a la cultura de manera divertida y enriquecedora.<\/p>\n\n\n\n<p>Aunque el montaje recuerda a un circo, en este caso, en lugar de un espect\u00e1culo, se comparten lecturas de libros seleccionados especialmente para la ocasi\u00f3n, estas actividades se extender\u00e1n hasta el 29 de abril mediante la visita diaria a tres planteles educativos, con actividades gratuitas, aproximadamente con una duraci\u00f3n de una hora cada sesi\u00f3n. Adem\u00e1s, tambi\u00e9n se realizar\u00e1n visitas al Asilo \u201cSan Vicente de Paul\u201d, y este martes se llev\u00f3 la alegr\u00eda a las primarias y escuelas primarias entre ellas \u201cVicente Guerrero y Luis G. Medell\u00edn\u201d, entre otras m\u00e1s de este municipio.<\/p>\n\n\n\n<p>Las escuelas interesadas en participar en este programa a\u00fan pueden acudir a la Coordinaci\u00f3n Municipal de Bibliotecas, ubicada en la calle Hidalgo #211 en la Cabecera municipal, presentando un oficio solicitando m\u00e1s d\u00edas y agendando una cita para coordinar la visita a sus instalaciones.<\/p>\n","protected":false},"excerpt":{"rendered":"<p>Con el objetivo de fomentar el amor por la lectura y la imaginaci\u00f3n entre ni\u00f1as, ni\u00f1os y j\u00f3venes del municipio, el Gobierno Municipal de Soledad de Graciano S\u00e1nchez, a trav\u00e9s de la Coordinaci\u00f3n de Bibliotecas, dio inicio al programa &#8220;Biblioteca Itinerante con Cuentacuentos&#8221; en el marco del D\u00eda Internacional del Libro y del D\u00eda del [&hellip;]<\/p>\n","protected":false},"author":2,"featured_media":10477,"comment_status":"open","ping_status":"open","sticky":false,"template":"","format":"standard","meta":{"footnotes":""},"categories":[24,21],"tags":[2134,223,2135,2136,1888,565,1130,704,294,261,27],"class_list":{"0":"post-10476","1":"post","2":"type-post","3":"status-publish","4":"format-standard","5":"has-post-thumbnail","7":"category-informacion-general","8":"category-tu-soledad","9":"tag-alumnos","10":"tag-ayuntamiento-soledense","11":"tag-cuentacuentos","12":"tag-dia-del-libro","13":"tag-educacion-2","14":"tag-escuelas","15":"tag-lectura","16":"tag-libros","17":"tag-san-luis","18":"tag-slp","19":"tag-soledad"},"_links":{"self":[{"href":"https:\/\/cronicadesoledad.com\/index.php\/wp-json\/wp\/v2\/posts\/10476","targetHints":{"allow":["GET"]}}],"collection":[{"href":"https:\/\/cronicadesoledad.com\/index.php\/wp-json\/wp\/v2\/posts"}],"about":[{"href":"https:\/\/cronicadesoledad.com\/index.php\/wp-json\/wp\/v2\/types\/post"}],"author":[{"embeddable":true,"href":"https:\/\/cronicadesoledad.com\/index.php\/wp-json\/wp\/v2\/users\/2"}],"replies":[{"embeddable":true,"href":"https:\/\/cronicadesoledad.com\/index.php\/wp-json\/wp\/v2\/comments?post=10476"}],"version-history":[{"count":1,"href":"https:\/\/cronicadesoledad.com\/index.php\/wp-json\/wp\/v2\/posts\/10476\/revisions"}],"predecessor-version":[{"id":10478,"href":"https:\/\/cronicadesoledad.com\/index.php\/wp-json\/wp\/v2\/posts\/10476\/revisions\/10478"}],"wp:featuredmedia":[{"embeddable":true,"href":"https:\/\/cronicadesoledad.com\/index.php\/wp-json\/wp\/v2\/media\/10477"}],"wp:attachment":[{"href":"https:\/\/cronicadesoledad.com\/index.php\/wp-json\/wp\/v2\/media?parent=10476"}],"wp:term":[{"taxonomy":"category","embeddable":true,"href":"https:\/\/cronicadesoledad.com\/index.php\/wp-json\/wp\/v2\/categories?post=10476"},{"taxonomy":"post_tag","embeddable":true,"href":"https:\/\/cronicadesoledad.com\/index.php\/wp-json\/wp\/v2\/tags?post=10476"}],"curies":[{"name":"wp","href":"https:\/\/api.w.org\/{rel}","templated":true}]}}