{"id":10494,"date":"2024-04-25T19:30:00","date_gmt":"2024-04-26T01:30:00","guid":{"rendered":"https:\/\/cronicadesoledad.com\/?p=10494"},"modified":"2024-04-25T18:44:02","modified_gmt":"2024-04-26T00:44:02","slug":"expo-empleo-destacara-en-vacantes-para-personas-con-discapacidad","status":"publish","type":"post","link":"https:\/\/cronicadesoledad.com\/index.php\/2024\/04\/25\/expo-empleo-destacara-en-vacantes-para-personas-con-discapacidad\/","title":{"rendered":"Expo Empleo destacar\u00e1 en vacantes para personas con discapacidad"},"content":{"rendered":"\n<p>Este viernes 26 de abril, la Plaza principal de Soledad de Graciano S\u00e1nchez ser\u00e1 sede de la Expo Empleo 2024 que ofrecer\u00e1 m\u00e1s de dos mil vacantes a buscadores de un espacio laboral, con el fin de mejorar sus ingresos econ\u00f3micos y alcanzar nuevas metas personales.<\/p>\n\n\n\n<p>Esta Expo Empleo destaca por la oferta laboral que trae dirigida especialmente para personas con discapacidad, donde empresas socialmente responsables abren y ofrecen atractivas opciones de trabajo para ellas.<\/p>\n\n\n\n<p>El Gobierno municipal de Soledad, invita a toda la poblaci\u00f3n de la zona metropolitana a acudir de 9 de la ma\u00f1ana a 3 de la tarde, y conocer la oferta de vacantes que disponen decenas de empresas en todos los ramos de la industria.<\/p>\n","protected":false},"excerpt":{"rendered":"<p>Este viernes 26 de abril, la Plaza principal de Soledad de Graciano S\u00e1nchez ser\u00e1 sede de la Expo Empleo 2024 que ofrecer\u00e1 m\u00e1s de dos mil vacantes a buscadores de un espacio laboral, con el fin de mejorar sus ingresos econ\u00f3micos y alcanzar nuevas metas personales. Esta Expo Empleo destaca por la oferta laboral que [&hellip;]<\/p>\n","protected":false},"author":2,"featured_media":10495,"comment_status":"open","ping_status":"open","sticky":false,"template":"","format":"standard","meta":{"footnotes":""},"categories":[24,21],"tags":[223,1765,2090,727,1239,294,261,27,1766],"class_list":{"0":"post-10494","1":"post","2":"type-post","3":"status-publish","4":"format-standard","5":"has-post-thumbnail","7":"category-informacion-general","8":"category-tu-soledad","9":"tag-ayuntamiento-soledense","10":"tag-empleo","11":"tag-expo","12":"tag-expo-empleo","13":"tag-personas-con-discapacidad","14":"tag-san-luis","15":"tag-slp","16":"tag-soledad","17":"tag-vacantes"},"_links":{"self":[{"href":"https:\/\/cronicadesoledad.com\/index.php\/wp-json\/wp\/v2\/posts\/10494","targetHints":{"allow":["GET"]}}],"collection":[{"href":"https:\/\/cronicadesoledad.com\/index.php\/wp-json\/wp\/v2\/posts"}],"about":[{"href":"https:\/\/cronicadesoledad.com\/index.php\/wp-json\/wp\/v2\/types\/post"}],"author":[{"embeddable":true,"href":"https:\/\/cronicadesoledad.com\/index.php\/wp-json\/wp\/v2\/users\/2"}],"replies":[{"embeddable":true,"href":"https:\/\/cronicadesoledad.com\/index.php\/wp-json\/wp\/v2\/comments?post=10494"}],"version-history":[{"count":1,"href":"https:\/\/cronicadesoledad.com\/index.php\/wp-json\/wp\/v2\/posts\/10494\/revisions"}],"predecessor-version":[{"id":10496,"href":"https:\/\/cronicadesoledad.com\/index.php\/wp-json\/wp\/v2\/posts\/10494\/revisions\/10496"}],"wp:featuredmedia":[{"embeddable":true,"href":"https:\/\/cronicadesoledad.com\/index.php\/wp-json\/wp\/v2\/media\/10495"}],"wp:attachment":[{"href":"https:\/\/cronicadesoledad.com\/index.php\/wp-json\/wp\/v2\/media?parent=10494"}],"wp:term":[{"taxonomy":"category","embeddable":true,"href":"https:\/\/cronicadesoledad.com\/index.php\/wp-json\/wp\/v2\/categories?post=10494"},{"taxonomy":"post_tag","embeddable":true,"href":"https:\/\/cronicadesoledad.com\/index.php\/wp-json\/wp\/v2\/tags?post=10494"}],"curies":[{"name":"wp","href":"https:\/\/api.w.org\/{rel}","templated":true}]}}