{"id":10506,"date":"2024-04-29T04:00:00","date_gmt":"2024-04-29T10:00:00","guid":{"rendered":"https:\/\/cronicadesoledad.com\/?p=10506"},"modified":"2024-04-28T22:44:19","modified_gmt":"2024-04-29T04:44:19","slug":"expo-empleo-oferto-mas-de-200-vacantes","status":"publish","type":"post","link":"https:\/\/cronicadesoledad.com\/index.php\/2024\/04\/29\/expo-empleo-oferto-mas-de-200-vacantes\/","title":{"rendered":"Expo Empleo ofert\u00f3 m\u00e1s de 200 vacantes"},"content":{"rendered":"\n<p>Con gran afluencia, este viernes, se llev\u00f3 a cabo la Expo Empleo en la Plaza principal de Soledad de Graciano S\u00e1nchez, donde alrededor de 25 empresas ofertaron m\u00e1s de dos mil fuentes de trabajo en las que destacaron vacantes laborales para personas con discapacidad y adultos mayores de 50 a\u00f1os de edad, con una amplia oferta de oportunidades en todos los rubros.<\/p>\n\n\n\n<p>Durante el evento, se identificaron y promovieron alrededor de 200 fuentes de empleo para personas con discapacidad y adultos mayores, por lo que la Direcci\u00f3n de Desarrollo Econ\u00f3mico del Gobierno Municipal de Soledad de Graciano S\u00e1nchez, brinda seguimiento a las entrevistas con la finalidad de vigilar que las contrataciones se concreten para beneficio de estos grupos vulnerables.<\/p>\n\n\n\n<p>La titular de la presidencia municipal interina destac\u00f3 la importancia de la Expo Empleo como un evento crucial para el desarrollo econ\u00f3mico y la calidad de vida de las y los soledenses. &#8220;Este evento representa para muchos la oportunidad de mejora econ\u00f3mica y, por ende, la calidad de vida, esta Expo Empleo es resultado de la colaboraci\u00f3n entre Soledad de Graciano S\u00e1nchez y el sector empresarial&#8221;, declar\u00f3 en su mensaje oficial.<\/p>\n\n\n\n<p>Entre la oferta laboral se encuentran vacantes en puestos operarios, de mantenimiento, administrativos, operadores de maquinaria, operadores de transporte, montacarguistas, reparaci\u00f3n y mantenimiento de tableros en decenas de empresas ubicadas en la zona industrial.<\/p>\n\n\n\n<p>La Expo Empleo es una plataforma para conectar a empleadores y buscadores de empleo, sino tambi\u00e9n un espacio inclusivo que fomenta la integraci\u00f3n laboral y la igualdad de oportunidades en el municipio de Soledad.<\/p>\n\n\n\n<p>El evento estuvo encabezado por la presidencia municipal interina, los titulares de la direcci\u00f3n de Desarrollo Econ\u00f3mico y del DIF Municipal, as\u00ed como por la titular de Recursos Humanos de la empresa Canel\u2019s en representaci\u00f3n de 25 compa\u00f1\u00edas.<\/p>\n","protected":false},"excerpt":{"rendered":"<p>Con gran afluencia, este viernes, se llev\u00f3 a cabo la Expo Empleo en la Plaza principal de Soledad de Graciano S\u00e1nchez, donde alrededor de 25 empresas ofertaron m\u00e1s de dos mil fuentes de trabajo en las que destacaron vacantes laborales para personas con discapacidad y adultos mayores de 50 a\u00f1os de edad, con una amplia [&hellip;]<\/p>\n","protected":false},"author":2,"featured_media":10507,"comment_status":"open","ping_status":"open","sticky":false,"template":"","format":"standard","meta":{"footnotes":""},"categories":[1,24,21],"tags":[223,1765,2090,727,294,261,27,1766],"class_list":{"0":"post-10506","1":"post","2":"type-post","3":"status-publish","4":"format-standard","5":"has-post-thumbnail","7":"category-destacadas","8":"category-informacion-general","9":"category-tu-soledad","10":"tag-ayuntamiento-soledense","11":"tag-empleo","12":"tag-expo","13":"tag-expo-empleo","14":"tag-san-luis","15":"tag-slp","16":"tag-soledad","17":"tag-vacantes"},"_links":{"self":[{"href":"https:\/\/cronicadesoledad.com\/index.php\/wp-json\/wp\/v2\/posts\/10506","targetHints":{"allow":["GET"]}}],"collection":[{"href":"https:\/\/cronicadesoledad.com\/index.php\/wp-json\/wp\/v2\/posts"}],"about":[{"href":"https:\/\/cronicadesoledad.com\/index.php\/wp-json\/wp\/v2\/types\/post"}],"author":[{"embeddable":true,"href":"https:\/\/cronicadesoledad.com\/index.php\/wp-json\/wp\/v2\/users\/2"}],"replies":[{"embeddable":true,"href":"https:\/\/cronicadesoledad.com\/index.php\/wp-json\/wp\/v2\/comments?post=10506"}],"version-history":[{"count":1,"href":"https:\/\/cronicadesoledad.com\/index.php\/wp-json\/wp\/v2\/posts\/10506\/revisions"}],"predecessor-version":[{"id":10508,"href":"https:\/\/cronicadesoledad.com\/index.php\/wp-json\/wp\/v2\/posts\/10506\/revisions\/10508"}],"wp:featuredmedia":[{"embeddable":true,"href":"https:\/\/cronicadesoledad.com\/index.php\/wp-json\/wp\/v2\/media\/10507"}],"wp:attachment":[{"href":"https:\/\/cronicadesoledad.com\/index.php\/wp-json\/wp\/v2\/media?parent=10506"}],"wp:term":[{"taxonomy":"category","embeddable":true,"href":"https:\/\/cronicadesoledad.com\/index.php\/wp-json\/wp\/v2\/categories?post=10506"},{"taxonomy":"post_tag","embeddable":true,"href":"https:\/\/cronicadesoledad.com\/index.php\/wp-json\/wp\/v2\/tags?post=10506"}],"curies":[{"name":"wp","href":"https:\/\/api.w.org\/{rel}","templated":true}]}}