{"id":10515,"date":"2024-04-29T03:15:00","date_gmt":"2024-04-29T09:15:00","guid":{"rendered":"https:\/\/cronicadesoledad.com\/?p=10515"},"modified":"2024-04-28T22:36:20","modified_gmt":"2024-04-29T04:36:20","slug":"dif-soledense-festeja-a-ninas-y-ninos-con-discapacidad","status":"publish","type":"post","link":"https:\/\/cronicadesoledad.com\/index.php\/2024\/04\/29\/dif-soledense-festeja-a-ninas-y-ninos-con-discapacidad\/","title":{"rendered":"DIF soledense festej\u00f3 a ni\u00f1as y ni\u00f1os con discapacidad"},"content":{"rendered":"\n<p>En un festejo lleno de alegr\u00eda y solidaridad, alrededor de un centenar de pacientes menores de edad de las Unidades B\u00e1sicas de Rehabilitaci\u00f3n (UBR) de Soledad de Graciano S\u00e1nchez, disfrutaron de una celebraci\u00f3n especial por el D\u00eda del Ni\u00f1o y de la Ni\u00f1a, derivado de la colaboraci\u00f3n del Sistema Municipal para el Desarrollo Integral de la Familia (DIF) y el Voluntariado de la cadena de tiendas de conveniencia OXXO.<\/p>\n\n\n\n<p>El evento permiti\u00f3 a los ni\u00f1os y ni\u00f1as con discapacidad participar en diversas actividades recreativas y compartir momentos de diversi\u00f3n con voluntarios y familiares. Entre las actividades destacadas se incluy\u00f3 un entretenido show de pinta caritas, la degustaci\u00f3n de alimentos, la entrega de regalos y la tradicional pi\u00f1ata.<\/p>\n\n\n\n<p>El DIF Municipal de Soledad expres\u00f3 su profundo agradecimiento al Voluntariado de la cadena OXXO por sumarse de manera entusiasta a estas acciones en favor de la infancia, as\u00ed como a las y los padres de familia por su compromiso y participaci\u00f3n constante en las actividades de las UBR.<\/p>\n\n\n\n<p>Cabe destacar que las Unidades B\u00e1sicas de Rehabilitaci\u00f3n (UBR) 1 y 2 ofrecen una amplia gama de servicios de rehabilitaci\u00f3n especializada para menores con alguna discapacidad, incluyendo la entrega de aparatos ortop\u00e9dicos cuando es necesario.<\/p>\n\n\n\n<p>El DIF Municipal hace una atenta invitaci\u00f3n a todas las personas que requieran apoyo o atenci\u00f3n especializada a que se acerquen a las UBR o a las oficinas del DIF Municipal, ubicadas en Huerta del Nogal 231, donde ser\u00e1n recibidos con gusto y atendidos para satisfacer sus necesidades.<\/p>\n","protected":false},"excerpt":{"rendered":"<p>En un festejo lleno de alegr\u00eda y solidaridad, alrededor de un centenar de pacientes menores de edad de las Unidades B\u00e1sicas de Rehabilitaci\u00f3n (UBR) de Soledad de Graciano S\u00e1nchez, disfrutaron de una celebraci\u00f3n especial por el D\u00eda del Ni\u00f1o y de la Ni\u00f1a, derivado de la colaboraci\u00f3n del Sistema Municipal para el Desarrollo Integral de [&hellip;]<\/p>\n","protected":false},"author":2,"featured_media":10516,"comment_status":"open","ping_status":"open","sticky":false,"template":"","format":"standard","meta":{"footnotes":""},"categories":[24,21],"tags":[223,2132,2117,2158,427,2159,2156,294,261,27],"class_list":{"0":"post-10515","1":"post","2":"type-post","3":"status-publish","4":"format-standard","5":"has-post-thumbnail","7":"category-informacion-general","8":"category-tu-soledad","9":"tag-ayuntamiento-soledense","10":"tag-dia-de-la-nina","11":"tag-dia-del-nino","12":"tag-dia-del-nino-y-la-nina","13":"tag-dif-soledense","14":"tag-festejo","15":"tag-ip","16":"tag-san-luis","17":"tag-slp","18":"tag-soledad"},"_links":{"self":[{"href":"https:\/\/cronicadesoledad.com\/index.php\/wp-json\/wp\/v2\/posts\/10515","targetHints":{"allow":["GET"]}}],"collection":[{"href":"https:\/\/cronicadesoledad.com\/index.php\/wp-json\/wp\/v2\/posts"}],"about":[{"href":"https:\/\/cronicadesoledad.com\/index.php\/wp-json\/wp\/v2\/types\/post"}],"author":[{"embeddable":true,"href":"https:\/\/cronicadesoledad.com\/index.php\/wp-json\/wp\/v2\/users\/2"}],"replies":[{"embeddable":true,"href":"https:\/\/cronicadesoledad.com\/index.php\/wp-json\/wp\/v2\/comments?post=10515"}],"version-history":[{"count":2,"href":"https:\/\/cronicadesoledad.com\/index.php\/wp-json\/wp\/v2\/posts\/10515\/revisions"}],"predecessor-version":[{"id":10526,"href":"https:\/\/cronicadesoledad.com\/index.php\/wp-json\/wp\/v2\/posts\/10515\/revisions\/10526"}],"wp:featuredmedia":[{"embeddable":true,"href":"https:\/\/cronicadesoledad.com\/index.php\/wp-json\/wp\/v2\/media\/10516"}],"wp:attachment":[{"href":"https:\/\/cronicadesoledad.com\/index.php\/wp-json\/wp\/v2\/media?parent=10515"}],"wp:term":[{"taxonomy":"category","embeddable":true,"href":"https:\/\/cronicadesoledad.com\/index.php\/wp-json\/wp\/v2\/categories?post=10515"},{"taxonomy":"post_tag","embeddable":true,"href":"https:\/\/cronicadesoledad.com\/index.php\/wp-json\/wp\/v2\/tags?post=10515"}],"curies":[{"name":"wp","href":"https:\/\/api.w.org\/{rel}","templated":true}]}}