{"id":10521,"date":"2024-04-29T03:00:00","date_gmt":"2024-04-29T09:00:00","guid":{"rendered":"https:\/\/cronicadesoledad.com\/?p=10521"},"modified":"2024-04-28T22:27:54","modified_gmt":"2024-04-29T04:27:54","slug":"obtienen-prision-preventiva-para-presunto-homicida","status":"publish","type":"post","link":"https:\/\/cronicadesoledad.com\/index.php\/2024\/04\/29\/obtienen-prision-preventiva-para-presunto-homicida\/","title":{"rendered":"Obtienen prisi\u00f3n preventiva para presunto homicida"},"content":{"rendered":"\n<p>Litigadores de la Delegaci\u00f3n Primera obtuvieron auto de vinculaci\u00f3n a proceso en contra de Jonathan \u201cN\u201d, indiciado por el delito de homicidio calificado, en un suceso que se registr\u00f3 en el municipio de Soledad de Graciano S\u00e1nchez.<\/p>\n\n\n\n<p>Se le atribuye su probable participaci\u00f3n en un hecho suscitado el 11 de febrero de 2024, en la colonia El Morro del municipio referido, sitio donde el sujeto en cuesti\u00f3n habr\u00eda ultimado a un hombre, quien falleci\u00f3 por diversas lesiones contusas y una herida por disparo de arma de fuego.<\/p>\n\n\n\n<p>Debido a lo anterior, Jonathan \u201cN\u201d fue detenido por la Direcci\u00f3n General de M\u00e9todos de Investigaci\u00f3n (DGMI) en el Estado de Tamaulipas, y conducido ante la autoridad judicial.<\/p>\n\n\n\n<p>Despu\u00e9s de analizar los argumentos de la defensa y de la Fiscal\u00eda, en la continuaci\u00f3n de la audiencia inicial, el Juez determin\u00f3 la vinculaci\u00f3n a proceso con la medida cautelar de prisi\u00f3n preventiva justificada.<\/p>\n\n\n\n<p>Adem\u00e1s, el Juez fij\u00f3 un plazo de tres meses para la investigaci\u00f3n complementaria, tiempo en el que ambas partes podr\u00e1n integrar datos de prueba para resolver la situaci\u00f3n jur\u00eddica del ahora imputado.<\/p>\n\n\n\n<p>Mientras tanto, el individuo permanecer\u00e1 recluido en un centro penitenciario del territorio potosino.<\/p>\n","protected":false},"excerpt":{"rendered":"<p>Litigadores de la Delegaci\u00f3n Primera obtuvieron auto de vinculaci\u00f3n a proceso en contra de Jonathan \u201cN\u201d, indiciado por el delito de homicidio calificado, en un suceso que se registr\u00f3 en el municipio de Soledad de Graciano S\u00e1nchez. Se le atribuye su probable participaci\u00f3n en un hecho suscitado el 11 de febrero de 2024, en la [&hellip;]<\/p>\n","protected":false},"author":2,"featured_media":10522,"comment_status":"open","ping_status":"open","sticky":false,"template":"","format":"standard","meta":{"footnotes":""},"categories":[1,24,19],"tags":[1503,1819,473,2161,294,276,261,27],"class_list":{"0":"post-10521","1":"post","2":"type-post","3":"status-publish","4":"format-standard","5":"has-post-thumbnail","7":"category-destacadas","8":"category-informacion-general","9":"category-seguridad","10":"tag-detenido","11":"tag-fge","12":"tag-fgeslp","13":"tag-homicida","14":"tag-san-luis","15":"tag-seguridad","16":"tag-slp","17":"tag-soledad"},"_links":{"self":[{"href":"https:\/\/cronicadesoledad.com\/index.php\/wp-json\/wp\/v2\/posts\/10521","targetHints":{"allow":["GET"]}}],"collection":[{"href":"https:\/\/cronicadesoledad.com\/index.php\/wp-json\/wp\/v2\/posts"}],"about":[{"href":"https:\/\/cronicadesoledad.com\/index.php\/wp-json\/wp\/v2\/types\/post"}],"author":[{"embeddable":true,"href":"https:\/\/cronicadesoledad.com\/index.php\/wp-json\/wp\/v2\/users\/2"}],"replies":[{"embeddable":true,"href":"https:\/\/cronicadesoledad.com\/index.php\/wp-json\/wp\/v2\/comments?post=10521"}],"version-history":[{"count":1,"href":"https:\/\/cronicadesoledad.com\/index.php\/wp-json\/wp\/v2\/posts\/10521\/revisions"}],"predecessor-version":[{"id":10523,"href":"https:\/\/cronicadesoledad.com\/index.php\/wp-json\/wp\/v2\/posts\/10521\/revisions\/10523"}],"wp:featuredmedia":[{"embeddable":true,"href":"https:\/\/cronicadesoledad.com\/index.php\/wp-json\/wp\/v2\/media\/10522"}],"wp:attachment":[{"href":"https:\/\/cronicadesoledad.com\/index.php\/wp-json\/wp\/v2\/media?parent=10521"}],"wp:term":[{"taxonomy":"category","embeddable":true,"href":"https:\/\/cronicadesoledad.com\/index.php\/wp-json\/wp\/v2\/categories?post=10521"},{"taxonomy":"post_tag","embeddable":true,"href":"https:\/\/cronicadesoledad.com\/index.php\/wp-json\/wp\/v2\/tags?post=10521"}],"curies":[{"name":"wp","href":"https:\/\/api.w.org\/{rel}","templated":true}]}}