{"id":10550,"date":"2024-05-06T03:00:00","date_gmt":"2024-05-06T09:00:00","guid":{"rendered":"https:\/\/cronicadesoledad.com\/?p=10550"},"modified":"2024-05-05T20:28:28","modified_gmt":"2024-05-06T02:28:28","slug":"hallaron-cadaver-embolsado-en-palma-de-la-cruz","status":"publish","type":"post","link":"https:\/\/cronicadesoledad.com\/index.php\/2024\/05\/06\/hallaron-cadaver-embolsado-en-palma-de-la-cruz\/","title":{"rendered":"Hallaron cad\u00e1ver embolsado en Palma de la Cruz"},"content":{"rendered":"\n<p>Adentro de una bolsa negra, fue encontrado el cuerpo de una persona, con evidencias de haber sido ejecutada, en una localidad del conurbado municipio de Soledad de Graciano S\u00e1nchez. Acudieron agentes de las diferentes corporaciones policiales al lugar del hallazgo.<\/p>\n\n\n\n<p>Por la tarde del mi\u00e9rcoles, al filo de las 14:00 horas, fue localizado un cad\u00e1ver embolsado en un camino de terracer\u00eda de la comunidad Palma de la Cruz, en Soledad de Graciano S\u00e1nchez.<\/p>\n\n\n\n<p>Elementos de la Guardia Civil Estatal acudieron al lugar como primeros respondientes tras recibir el reporte del macabro hallazgo. Al llegar, los agentes aseguraron el \u00e1rea y procedieron a acordonarla en espera del arribo de la Polic\u00eda de Investigaci\u00f3n y peritos de la Fiscal\u00eda General del Estado.<\/p>\n\n\n\n<p>Las autoridades contin\u00faan con las investigaciones para determinar la identidad de la v\u00edctima, las circunstancias que rodean su muerte y dar con los responsables de este hecho lamentable.<\/p>\n\n\n\n<p>Se espera que la colaboraci\u00f3n entre las distintas instancias de seguridad y justicia permita esclarecer este caso y llevar a los responsables ante la justicia, brindando as\u00ed tranquilidad a la comunidad afectada.<\/p>\n","protected":false},"excerpt":{"rendered":"<p>Adentro de una bolsa negra, fue encontrado el cuerpo de una persona, con evidencias de haber sido ejecutada, en una localidad del conurbado municipio de Soledad de Graciano S\u00e1nchez. Acudieron agentes de las diferentes corporaciones policiales al lugar del hallazgo. Por la tarde del mi\u00e9rcoles, al filo de las 14:00 horas, fue localizado un cad\u00e1ver [&hellip;]<\/p>\n","protected":false},"author":2,"featured_media":10551,"comment_status":"open","ping_status":"open","sticky":false,"template":"","format":"standard","meta":{"footnotes":""},"categories":[1,24,19,21],"tags":[2008,1512,368,2167,1836,294,276,261,27],"class_list":{"0":"post-10550","1":"post","2":"type-post","3":"status-publish","4":"format-standard","5":"has-post-thumbnail","7":"category-destacadas","8":"category-informacion-general","9":"category-seguridad","10":"category-tu-soledad","11":"tag-cadaver-3","12":"tag-homicidio","13":"tag-inseguridad","14":"tag-palma-de-la-cruz","15":"tag-policiaca-3","16":"tag-san-luis","17":"tag-seguridad","18":"tag-slp","19":"tag-soledad"},"_links":{"self":[{"href":"https:\/\/cronicadesoledad.com\/index.php\/wp-json\/wp\/v2\/posts\/10550","targetHints":{"allow":["GET"]}}],"collection":[{"href":"https:\/\/cronicadesoledad.com\/index.php\/wp-json\/wp\/v2\/posts"}],"about":[{"href":"https:\/\/cronicadesoledad.com\/index.php\/wp-json\/wp\/v2\/types\/post"}],"author":[{"embeddable":true,"href":"https:\/\/cronicadesoledad.com\/index.php\/wp-json\/wp\/v2\/users\/2"}],"replies":[{"embeddable":true,"href":"https:\/\/cronicadesoledad.com\/index.php\/wp-json\/wp\/v2\/comments?post=10550"}],"version-history":[{"count":2,"href":"https:\/\/cronicadesoledad.com\/index.php\/wp-json\/wp\/v2\/posts\/10550\/revisions"}],"predecessor-version":[{"id":10611,"href":"https:\/\/cronicadesoledad.com\/index.php\/wp-json\/wp\/v2\/posts\/10550\/revisions\/10611"}],"wp:featuredmedia":[{"embeddable":true,"href":"https:\/\/cronicadesoledad.com\/index.php\/wp-json\/wp\/v2\/media\/10551"}],"wp:attachment":[{"href":"https:\/\/cronicadesoledad.com\/index.php\/wp-json\/wp\/v2\/media?parent=10550"}],"wp:term":[{"taxonomy":"category","embeddable":true,"href":"https:\/\/cronicadesoledad.com\/index.php\/wp-json\/wp\/v2\/categories?post=10550"},{"taxonomy":"post_tag","embeddable":true,"href":"https:\/\/cronicadesoledad.com\/index.php\/wp-json\/wp\/v2\/tags?post=10550"}],"curies":[{"name":"wp","href":"https:\/\/api.w.org\/{rel}","templated":true}]}}