{"id":10565,"date":"2024-05-02T18:00:00","date_gmt":"2024-05-03T00:00:00","guid":{"rendered":"https:\/\/cronicadesoledad.com\/?p=10565"},"modified":"2024-05-02T18:20:43","modified_gmt":"2024-05-03T00:20:43","slug":"apuesta-navarro-por-la-clase-trabajadora","status":"publish","type":"post","link":"https:\/\/cronicadesoledad.com\/index.php\/2024\/05\/02\/apuesta-navarro-por-la-clase-trabajadora\/","title":{"rendered":"Apuesta Navarro por la clase trabajadora"},"content":{"rendered":"\n<p>\u201cSeguiremos contribuyendo en dignificar a la clase trabajadora desde nuestro \u00e1mbito, es el compromiso que hoy asumo frente a las familias\u201d, afirm\u00f3 Juan Manuel Navarro, candidato del Partido Verde a la Presidencia Municipal de Soledad de Graciano S\u00e1nchez, en el marco del encuentro con la fuerza obrera y l\u00edderes de las organizaciones sindicales en el Estado con motivo del D\u00eda del Trabajo.<\/p>\n\n\n\n<p>El abanderado del Verde record\u00f3 que este primero de mayo se recuerda a los obreros de todo el mundo y a la lucha que los M\u00e1rtires de Chicago, dieron para lograr mejorar las condiciones laborales de las y los trabajadores, por lo que el reconocimiento a los derechos laborales es una premisa fundamental para lograr un buen gobierno, por ello, agradeci\u00f3 a los miles de trabajadores que contribuyen a construir un mejor Soledad, un mejor estado y pa\u00eds.<\/p>\n\n\n\n<p>En el marco de esta fecha importante, el candidato del Partido Verde asisti\u00f3 a una reuni\u00f3n en la que participaron las y los candidatos del Partido Verde a los distintos cargos de elecci\u00f3n popular.<\/p>\n\n\n\n<p>En entrevista, destac\u00f3 las ventajas competitivas que hoy mantienen a Soledad como un municipio con gran atracci\u00f3n de inversiones destacando adem\u00e1s los recursos humanos disponibles y calificados para incorporarse al sector productivo: \u201cseguiremos impulsando mejores oportunidades laborales para sus habitantes, sabemos c\u00f3mo hacerlo y m\u00e1s a\u00fan, porque Soledad contar\u00e1 con el apoyo de nuestro gobernador Ricardo Gallardo Cardona\u201d, expres\u00f3.<\/p>\n\n\n\n<p>Juan Manuel Navarro, enfatiz\u00f3 que hoy, el municipio de Soledad avanza en la transformaci\u00f3n y se dignifica tambi\u00e9n al trabajador con lo que el Gobierno del Estado ha estado realizando, al construir m\u00e1s y mejor infraestructura, regenerando carreteras y caminos, pero ofreciendo tambi\u00e9n en favor de miles de hombres y mujeres un servicio de transporte confiable y de calidad a trav\u00e9s de la Red Metro, que permite llevarlos a sus centros de trabajo.<\/p>\n\n\n\n<p>Finalmente, augur\u00f3 para las y los trabajadores soledenses un mejor futuro, pues junto al establecimiento de las mejores condiciones laborales, se fortalecer\u00e1n los apoyos sociales y los programas de capacitaci\u00f3n y de formaci\u00f3n de empleo para que las familias y las madres solteras puedan encontrar la estabilidad econ\u00f3mica, gracias al trabajo que el gobierno municipal con el apoyo del Gobierno del Estado, realizar\u00e1n de manera conjunta.<\/p>\n","protected":false},"excerpt":{"rendered":"<p>\u201cSeguiremos contribuyendo en dignificar a la clase trabajadora desde nuestro \u00e1mbito, es el compromiso que hoy asumo frente a las familias\u201d, afirm\u00f3 Juan Manuel Navarro, candidato del Partido Verde a la Presidencia Municipal de Soledad de Graciano S\u00e1nchez, en el marco del encuentro con la fuerza obrera y l\u00edderes de las organizaciones sindicales en el [&hellip;]<\/p>\n","protected":false},"author":2,"featured_media":10566,"comment_status":"open","ping_status":"open","sticky":false,"template":"","format":"standard","meta":{"footnotes":""},"categories":[1,24,21],"tags":[1122,2149,2176,1896,259,2124,294,261,27],"class_list":{"0":"post-10565","1":"post","2":"type-post","3":"status-publish","4":"format-standard","5":"has-post-thumbnail","7":"category-destacadas","8":"category-informacion-general","9":"category-tu-soledad","10":"tag-1122","11":"tag-2024-la-sucesion","12":"tag-clase-trabajadora","13":"tag-elecciones","14":"tag-elecciones-2024","15":"tag-juan-manuel-navarro-muniz","16":"tag-san-luis","17":"tag-slp","18":"tag-soledad"},"_links":{"self":[{"href":"https:\/\/cronicadesoledad.com\/index.php\/wp-json\/wp\/v2\/posts\/10565","targetHints":{"allow":["GET"]}}],"collection":[{"href":"https:\/\/cronicadesoledad.com\/index.php\/wp-json\/wp\/v2\/posts"}],"about":[{"href":"https:\/\/cronicadesoledad.com\/index.php\/wp-json\/wp\/v2\/types\/post"}],"author":[{"embeddable":true,"href":"https:\/\/cronicadesoledad.com\/index.php\/wp-json\/wp\/v2\/users\/2"}],"replies":[{"embeddable":true,"href":"https:\/\/cronicadesoledad.com\/index.php\/wp-json\/wp\/v2\/comments?post=10565"}],"version-history":[{"count":1,"href":"https:\/\/cronicadesoledad.com\/index.php\/wp-json\/wp\/v2\/posts\/10565\/revisions"}],"predecessor-version":[{"id":10567,"href":"https:\/\/cronicadesoledad.com\/index.php\/wp-json\/wp\/v2\/posts\/10565\/revisions\/10567"}],"wp:featuredmedia":[{"embeddable":true,"href":"https:\/\/cronicadesoledad.com\/index.php\/wp-json\/wp\/v2\/media\/10566"}],"wp:attachment":[{"href":"https:\/\/cronicadesoledad.com\/index.php\/wp-json\/wp\/v2\/media?parent=10565"}],"wp:term":[{"taxonomy":"category","embeddable":true,"href":"https:\/\/cronicadesoledad.com\/index.php\/wp-json\/wp\/v2\/categories?post=10565"},{"taxonomy":"post_tag","embeddable":true,"href":"https:\/\/cronicadesoledad.com\/index.php\/wp-json\/wp\/v2\/tags?post=10565"}],"curies":[{"name":"wp","href":"https:\/\/api.w.org\/{rel}","templated":true}]}}