{"id":10586,"date":"2024-05-03T20:30:00","date_gmt":"2024-05-04T02:30:00","guid":{"rendered":"https:\/\/cronicadesoledad.com\/?p=10586"},"modified":"2024-05-03T18:13:50","modified_gmt":"2024-05-04T00:13:50","slug":"preparan-campamento-infantil-de-verano","status":"publish","type":"post","link":"https:\/\/cronicadesoledad.com\/index.php\/2024\/05\/03\/preparan-campamento-infantil-de-verano\/","title":{"rendered":"Preparan campamento infantil de verano"},"content":{"rendered":"\n<p>Con la finalidad de proporcionar a las y los ni\u00f1os acceso a actividades educativas y recreativas durante el pr\u00f3ximo periodo vacacional, el Gobierno Municipal de Soledad de Graciano S\u00e1nchez, a trav\u00e9s de la Coordinaci\u00f3n Municipal de Bibliotecas, prepara actividades para los campamentos de verano que se llevar\u00e1n a cabo en sus cuatro sedes de forma gratuita.<\/p>\n\n\n\n<p>Un equipo de aproximadamente 10 personas est\u00e1 siendo capacitadas espec\u00edficamente para brindar atenci\u00f3n a las y los ni\u00f1os durante estos campamentos, enfoc\u00e1ndose en la animaci\u00f3n a la lectura y en la coordinaci\u00f3n de juegos did\u00e1cticos, en un programa dise\u00f1ado para las tres semanas de vacaciones, que busca ser un espacio seguro de aprendizaje y diversi\u00f3n, para la infancia del municipio.<\/p>\n\n\n\n<p>Se estima que alrededor de 60 ni\u00f1os se inscribir\u00e1n en cada una de las cuatro bibliotecas del municipio, las cuales son la Biblioteca Municipal \u201cEulalio Cervantes Galarza \u00b4El Sax\u00b4\u201d, ubicada en Calle San Luis s\/n de la colonia San Felipe; la Biblioteca Municipal \u201cJos\u00e9 de G\u00e1lvez\u201d, ubicada en calle Cedral s\/n de la colonia San Luis, dentro del Deportivo; la Biblioteca Municipal \u201cGraciano S\u00e1nchez\u201d, ubicada en Plaza del Maguey de la Unidad Ponciano Arriaga; y la Biblioteca \u201cProfr. Enrique Almaz\u00e1n Nieto\u201d ubicada en la cabecera municipal en calle Hidalgo #221 en el Centro de Soledad.<\/p>\n\n\n\n<p>Pr\u00f3ximamente, se definir\u00e1n las fechas exactas de los campamentos gratuitos, donde se llevar\u00e1n a cabo juegos l\u00fadicos, sesiones de lectura, cuentacuentos, y se ense\u00f1ar\u00e1n juegos tradicionales para promover el aprendizaje interactivo y el desarrollo integral de los ni\u00f1os.<\/p>\n","protected":false},"excerpt":{"rendered":"<p>Con la finalidad de proporcionar a las y los ni\u00f1os acceso a actividades educativas y recreativas durante el pr\u00f3ximo periodo vacacional, el Gobierno Municipal de Soledad de Graciano S\u00e1nchez, a trav\u00e9s de la Coordinaci\u00f3n Municipal de Bibliotecas, prepara actividades para los campamentos de verano que se llevar\u00e1n a cabo en sus cuatro sedes de forma [&hellip;]<\/p>\n","protected":false},"author":2,"featured_media":10587,"comment_status":"open","ping_status":"open","sticky":false,"template":"","format":"standard","meta":{"footnotes":""},"categories":[24,21],"tags":[223,2185,2187,2183,294,261,27,2184,2182],"class_list":{"0":"post-10586","1":"post","2":"type-post","3":"status-publish","4":"format-standard","5":"has-post-thumbnail","7":"category-informacion-general","8":"category-tu-soledad","9":"tag-ayuntamiento-soledense","10":"tag-campamento","11":"tag-campamento-de-verano","12":"tag-camping","13":"tag-san-luis","14":"tag-slp","15":"tag-soledad","16":"tag-summer-camp","17":"tag-verano"},"_links":{"self":[{"href":"https:\/\/cronicadesoledad.com\/index.php\/wp-json\/wp\/v2\/posts\/10586","targetHints":{"allow":["GET"]}}],"collection":[{"href":"https:\/\/cronicadesoledad.com\/index.php\/wp-json\/wp\/v2\/posts"}],"about":[{"href":"https:\/\/cronicadesoledad.com\/index.php\/wp-json\/wp\/v2\/types\/post"}],"author":[{"embeddable":true,"href":"https:\/\/cronicadesoledad.com\/index.php\/wp-json\/wp\/v2\/users\/2"}],"replies":[{"embeddable":true,"href":"https:\/\/cronicadesoledad.com\/index.php\/wp-json\/wp\/v2\/comments?post=10586"}],"version-history":[{"count":1,"href":"https:\/\/cronicadesoledad.com\/index.php\/wp-json\/wp\/v2\/posts\/10586\/revisions"}],"predecessor-version":[{"id":10588,"href":"https:\/\/cronicadesoledad.com\/index.php\/wp-json\/wp\/v2\/posts\/10586\/revisions\/10588"}],"wp:featuredmedia":[{"embeddable":true,"href":"https:\/\/cronicadesoledad.com\/index.php\/wp-json\/wp\/v2\/media\/10587"}],"wp:attachment":[{"href":"https:\/\/cronicadesoledad.com\/index.php\/wp-json\/wp\/v2\/media?parent=10586"}],"wp:term":[{"taxonomy":"category","embeddable":true,"href":"https:\/\/cronicadesoledad.com\/index.php\/wp-json\/wp\/v2\/categories?post=10586"},{"taxonomy":"post_tag","embeddable":true,"href":"https:\/\/cronicadesoledad.com\/index.php\/wp-json\/wp\/v2\/tags?post=10586"}],"curies":[{"name":"wp","href":"https:\/\/api.w.org\/{rel}","templated":true}]}}