{"id":10630,"date":"2024-05-06T19:00:00","date_gmt":"2024-05-07T01:00:00","guid":{"rendered":"https:\/\/cronicadesoledad.com\/?p=10630"},"modified":"2024-05-06T23:16:29","modified_gmt":"2024-05-07T05:16:29","slug":"dif-soledense-brinda-proteccion-y-bienestar-a-la-poblacion-infantil","status":"publish","type":"post","link":"https:\/\/cronicadesoledad.com\/index.php\/2024\/05\/06\/dif-soledense-brinda-proteccion-y-bienestar-a-la-poblacion-infantil\/","title":{"rendered":"DIF soledense brinda protecci\u00f3n y bienestar a la poblaci\u00f3n infantil"},"content":{"rendered":"\n<p>A trav\u00e9s de su Procuradur\u00eda para la Protecci\u00f3n de Ni\u00f1as, Ni\u00f1os y Adolescentes, el Sistema Municipal para el Desarrollo Integral de la Familia (DIF) de Soledad de Graciano S\u00e1nchez, cumple con la protecci\u00f3n y el bienestar de las ni\u00f1as y ni\u00f1os del municipio, a trav\u00e9s de la atenci\u00f3n a casos de violencia donde las y los menores son presuntas v\u00edctimas realizando trabajo de primer contacto, asesor\u00eda y canalizaci\u00f3n a instancias correspondientes.<\/p>\n\n\n\n<p>En lo que va de este a\u00f1o 2024, el DIF Municipal ha atendido y resuelto 17 casos, donde es importante destacar que estos lamentables actos de maltrato afectan a un amplio espectro de edades, desde reci\u00e9n nacidos hasta adolescentes de 16 a\u00f1os de edad. Las denuncias son por haber sufrido diversos tipos de abuso, que incluyen la violencia f\u00edsica, psicol\u00f3gica y la negligencia por parte de sus tutores.<\/p>\n\n\n\n<p>Mediante la labor de la Procuradur\u00eda Municipal se ha constatado que el 90 por ciento de los casos de violencia infantil est\u00e1n relacionados con adicciones de las y los padres, quienes padecen problemas de dependencia o son codependientes de sustancias en niveles cr\u00edticos.<\/p>\n\n\n\n<p>Aunque se ha registrado una disminuci\u00f3n de hasta el 65 por ciento en los servicios de atenci\u00f3n jur\u00eddica y psicol\u00f3gica durante los per\u00edodos vacacionales, existe un incremento notable al iniciar el regreso a clases, momento en el cual muchas familias acuden solicitando apoyo jur\u00eddico en temas alimenticios.<\/p>\n\n\n\n<p>El DIF Municipal de Soledad reitera el trabajo institucional y continuar brindando atenci\u00f3n integral y oportuna a las ni\u00f1as, ni\u00f1os y adolescentes en situaci\u00f3n de vulnerabilidad, trabajando arduamente para eliminar la violencia infantil y asegurar un entorno seguro y propicio para su desarrollo pleno.<\/p>\n","protected":false},"excerpt":{"rendered":"<p>A trav\u00e9s de su Procuradur\u00eda para la Protecci\u00f3n de Ni\u00f1as, Ni\u00f1os y Adolescentes, el Sistema Municipal para el Desarrollo Integral de la Familia (DIF) de Soledad de Graciano S\u00e1nchez, cumple con la protecci\u00f3n y el bienestar de las ni\u00f1as y ni\u00f1os del municipio, a trav\u00e9s de la atenci\u00f3n a casos de violencia donde las y [&hellip;]<\/p>\n","protected":false},"author":2,"featured_media":10631,"comment_status":"open","ping_status":"open","sticky":false,"template":"","format":"standard","meta":{"footnotes":""},"categories":[24,21],"tags":[223,427,2110,2195,2042,294,261,27],"class_list":{"0":"post-10630","1":"post","2":"type-post","3":"status-publish","4":"format-standard","5":"has-post-thumbnail","7":"category-informacion-general","8":"category-tu-soledad","9":"tag-ayuntamiento-soledense","10":"tag-dif-soledense","11":"tag-ninas-2","12":"tag-ninez-2","13":"tag-ninos-2","14":"tag-san-luis","15":"tag-slp","16":"tag-soledad"},"_links":{"self":[{"href":"https:\/\/cronicadesoledad.com\/index.php\/wp-json\/wp\/v2\/posts\/10630","targetHints":{"allow":["GET"]}}],"collection":[{"href":"https:\/\/cronicadesoledad.com\/index.php\/wp-json\/wp\/v2\/posts"}],"about":[{"href":"https:\/\/cronicadesoledad.com\/index.php\/wp-json\/wp\/v2\/types\/post"}],"author":[{"embeddable":true,"href":"https:\/\/cronicadesoledad.com\/index.php\/wp-json\/wp\/v2\/users\/2"}],"replies":[{"embeddable":true,"href":"https:\/\/cronicadesoledad.com\/index.php\/wp-json\/wp\/v2\/comments?post=10630"}],"version-history":[{"count":1,"href":"https:\/\/cronicadesoledad.com\/index.php\/wp-json\/wp\/v2\/posts\/10630\/revisions"}],"predecessor-version":[{"id":10632,"href":"https:\/\/cronicadesoledad.com\/index.php\/wp-json\/wp\/v2\/posts\/10630\/revisions\/10632"}],"wp:featuredmedia":[{"embeddable":true,"href":"https:\/\/cronicadesoledad.com\/index.php\/wp-json\/wp\/v2\/media\/10631"}],"wp:attachment":[{"href":"https:\/\/cronicadesoledad.com\/index.php\/wp-json\/wp\/v2\/media?parent=10630"}],"wp:term":[{"taxonomy":"category","embeddable":true,"href":"https:\/\/cronicadesoledad.com\/index.php\/wp-json\/wp\/v2\/categories?post=10630"},{"taxonomy":"post_tag","embeddable":true,"href":"https:\/\/cronicadesoledad.com\/index.php\/wp-json\/wp\/v2\/tags?post=10630"}],"curies":[{"name":"wp","href":"https:\/\/api.w.org\/{rel}","templated":true}]}}