{"id":10646,"date":"2024-05-07T21:00:00","date_gmt":"2024-05-08T03:00:00","guid":{"rendered":"https:\/\/cronicadesoledad.com\/?p=10646"},"modified":"2024-05-07T18:54:54","modified_gmt":"2024-05-08T00:54:54","slug":"inicia-pavimentacion-en-comunidad-estacion-ventura","status":"publish","type":"post","link":"https:\/\/cronicadesoledad.com\/index.php\/2024\/05\/07\/inicia-pavimentacion-en-comunidad-estacion-ventura\/","title":{"rendered":"Inicia pavimentaci\u00f3n en comunidad Estaci\u00f3n Ventura"},"content":{"rendered":"\n<p>El Gobierno municipal de Soledad de Graciano S\u00e1nchez inici\u00f3 una obra m\u00e1s para la seguridad vial y bienestar de la poblaci\u00f3n que habita las comunidades y zonas rurales; este martes, se arranc\u00f3 la pavimentaci\u00f3n de la Avenida Las Palmas en la localidad de Estaci\u00f3n Ventura, una de las m\u00e1s alejadas de la zona Centro del municipio, y cuya solicitud era de las m\u00e1s demandantes.<\/p>\n\n\n\n<p>Con una inversi\u00f3n que supera los dos millones de pesos, provenientes del Fondo de Fortalecimiento Municipal, la administraci\u00f3n de Soledad, a trav\u00e9s de la Direcci\u00f3n de Infraestructura, llevar\u00e1 a cabo trabajos de pavimentaci\u00f3n que incluyen la aplicaci\u00f3n de carpeta asf\u00e1ltica en una superficie aproximada de 2 mil 080 metros cuadrados, as\u00ed como labores de pintura e instalaci\u00f3n de se\u00f1alizaci\u00f3n adecuada para garantizar un funcionamiento \u00f3ptimo de la v\u00eda una vez que se complete la obra.<\/p>\n\n\n\n<p>Karina Mu\u00f1iz, residente de Estaci\u00f3n Ventura, en nombre de toda la comunidad expres\u00f3 un agradecimiento a las autoridades municipales, adem\u00e1s de reconocer que, tras a\u00f1os de carencias en la infraestructura vial local, la administraci\u00f3n municipal dio una respuesta positiva a la solicitud de este proyecto, lo que dijo, representa un paso significativo hacia el progreso y el bienestar de todos los habitantes de la comunidad.<\/p>\n\n\n\n<p>El evento estuvo presidido por la Alcaldesa interina; la presidenta del DIF Municipal; el Secretario General del Ayuntamiento; la titular de Infraestructura y Fortalecimiento, as\u00ed como miembros del Gabinete municipal, beneficiarios y beneficiarias de la obra.<\/p>\n","protected":false},"excerpt":{"rendered":"<p>El Gobierno municipal de Soledad de Graciano S\u00e1nchez inici\u00f3 una obra m\u00e1s para la seguridad vial y bienestar de la poblaci\u00f3n que habita las comunidades y zonas rurales; este martes, se arranc\u00f3 la pavimentaci\u00f3n de la Avenida Las Palmas en la localidad de Estaci\u00f3n Ventura, una de las m\u00e1s alejadas de la zona Centro del [&hellip;]<\/p>\n","protected":false},"author":2,"featured_media":10647,"comment_status":"open","ping_status":"open","sticky":false,"template":"","format":"standard","meta":{"footnotes":""},"categories":[24,21],"tags":[223,1862,279,2202,294,261,27],"class_list":{"0":"post-10646","1":"post","2":"type-post","3":"status-publish","4":"format-standard","5":"has-post-thumbnail","7":"category-informacion-general","8":"category-tu-soledad","9":"tag-ayuntamiento-soledense","10":"tag-estacion-ventura","11":"tag-obras","12":"tag-pavimentacion-2","13":"tag-san-luis","14":"tag-slp","15":"tag-soledad"},"_links":{"self":[{"href":"https:\/\/cronicadesoledad.com\/index.php\/wp-json\/wp\/v2\/posts\/10646","targetHints":{"allow":["GET"]}}],"collection":[{"href":"https:\/\/cronicadesoledad.com\/index.php\/wp-json\/wp\/v2\/posts"}],"about":[{"href":"https:\/\/cronicadesoledad.com\/index.php\/wp-json\/wp\/v2\/types\/post"}],"author":[{"embeddable":true,"href":"https:\/\/cronicadesoledad.com\/index.php\/wp-json\/wp\/v2\/users\/2"}],"replies":[{"embeddable":true,"href":"https:\/\/cronicadesoledad.com\/index.php\/wp-json\/wp\/v2\/comments?post=10646"}],"version-history":[{"count":1,"href":"https:\/\/cronicadesoledad.com\/index.php\/wp-json\/wp\/v2\/posts\/10646\/revisions"}],"predecessor-version":[{"id":10648,"href":"https:\/\/cronicadesoledad.com\/index.php\/wp-json\/wp\/v2\/posts\/10646\/revisions\/10648"}],"wp:featuredmedia":[{"embeddable":true,"href":"https:\/\/cronicadesoledad.com\/index.php\/wp-json\/wp\/v2\/media\/10647"}],"wp:attachment":[{"href":"https:\/\/cronicadesoledad.com\/index.php\/wp-json\/wp\/v2\/media?parent=10646"}],"wp:term":[{"taxonomy":"category","embeddable":true,"href":"https:\/\/cronicadesoledad.com\/index.php\/wp-json\/wp\/v2\/categories?post=10646"},{"taxonomy":"post_tag","embeddable":true,"href":"https:\/\/cronicadesoledad.com\/index.php\/wp-json\/wp\/v2\/tags?post=10646"}],"curies":[{"name":"wp","href":"https:\/\/api.w.org\/{rel}","templated":true}]}}