{"id":10653,"date":"2024-05-08T19:00:00","date_gmt":"2024-05-09T01:00:00","guid":{"rendered":"https:\/\/cronicadesoledad.com\/?p=10653"},"modified":"2024-05-08T20:47:32","modified_gmt":"2024-05-09T02:47:32","slug":"arranco-pavimentacion-en-la-colonia-los-fresnos","status":"publish","type":"post","link":"https:\/\/cronicadesoledad.com\/index.php\/2024\/05\/08\/arranco-pavimentacion-en-la-colonia-los-fresnos\/","title":{"rendered":"Arranc\u00f3 pavimentaci\u00f3n en la colonia Los Fresnos"},"content":{"rendered":"\n<p>Respondiendo a una demanda urgente y por ser una necesidad esencial para mejorar la calidad de vida de las y los habitantes de la colonia Los Fresnos, el Gobierno Municipal de Soledad de Graciano S\u00e1nchez, por medio de la Direcci\u00f3n de Infraestructura, inici\u00f3 trabajos de pavimentaci\u00f3n y modernizaci\u00f3n integral de la calle Encinos con inversi\u00f3n municipal de 2.5 millones de pesos.<\/p>\n\n\n\n<p>Este martes, se iniciaron estos trabajos en un evento encabezado por la Alcaldesa interina, que comprenden la instalaci\u00f3n de concreto hidr\u00e1ulico, as\u00ed como la mejora de servicios de agua potable y drenaje, abarcando desde la calle San Luis hasta la avenida Matehuala; en total, se pavimentar\u00e1n mil 200 metros cuadrados, para transformar el tr\u00e1nsito de personas, entre infantes y adultas mayores, as\u00ed como de veh\u00edculos.<\/p>\n\n\n\n<p>Durante su intervenci\u00f3n, Jos\u00e9 Luis \u00c1valos M\u00e9ndez, beneficiario de esta obra, expres\u00f3 su gratitud hacia las autoridades del Ayuntamiento, por iniciar este proyecto que hab\u00eda sido solicitado desde hace tiempo, debido a las malas condiciones de las calles que no hab\u00edan recibido mantenimiento durante d\u00e9cadas, y destac\u00f3 que, con esta mejora, esperan captar un poco m\u00e1s de agua en sus hogares, y que se terminen los m\u00faltiples problemas de fugas y drenaje que enfrentan actualmente.<\/p>\n\n\n\n<p>Finalmente, se anunci\u00f3 que esta obra es la primera de una serie de pavimentaciones planificadas para la colonia, con la finalidad de no s\u00f3lo embellecer la zona, sino tambi\u00e9n de garantizar beneficios econ\u00f3micos, sociales y de seguridad p\u00fablica a las familias que residen en este lugar.<\/p>\n\n\n\n<p>El evento estuvo presidido por la Alcaldesa interina; el secretario General del Ayuntamiento; la Contralora Municipal; la titular de Infraestructura y Fortalecimiento, as\u00ed como miembros del Gabinete municipal, beneficiarios y beneficiarias de la obra.<\/p>\n","protected":false},"excerpt":{"rendered":"<p>Respondiendo a una demanda urgente y por ser una necesidad esencial para mejorar la calidad de vida de las y los habitantes de la colonia Los Fresnos, el Gobierno Municipal de Soledad de Graciano S\u00e1nchez, por medio de la Direcci\u00f3n de Infraestructura, inici\u00f3 trabajos de pavimentaci\u00f3n y modernizaci\u00f3n integral de la calle Encinos con inversi\u00f3n [&hellip;]<\/p>\n","protected":false},"author":2,"featured_media":10654,"comment_status":"open","ping_status":"open","sticky":false,"template":"","format":"standard","meta":{"footnotes":""},"categories":[1,24,21],"tags":[223,2205,279,1647,1427,294,261,27,958],"class_list":{"0":"post-10653","1":"post","2":"type-post","3":"status-publish","4":"format-standard","5":"has-post-thumbnail","7":"category-destacadas","8":"category-informacion-general","9":"category-tu-soledad","10":"tag-ayuntamiento-soledense","11":"tag-los-fresnos","12":"tag-obras","13":"tag-obras-viales","14":"tag-pavimentacion","15":"tag-san-luis","16":"tag-slp","17":"tag-soledad","18":"tag-vialidad"},"_links":{"self":[{"href":"https:\/\/cronicadesoledad.com\/index.php\/wp-json\/wp\/v2\/posts\/10653","targetHints":{"allow":["GET"]}}],"collection":[{"href":"https:\/\/cronicadesoledad.com\/index.php\/wp-json\/wp\/v2\/posts"}],"about":[{"href":"https:\/\/cronicadesoledad.com\/index.php\/wp-json\/wp\/v2\/types\/post"}],"author":[{"embeddable":true,"href":"https:\/\/cronicadesoledad.com\/index.php\/wp-json\/wp\/v2\/users\/2"}],"replies":[{"embeddable":true,"href":"https:\/\/cronicadesoledad.com\/index.php\/wp-json\/wp\/v2\/comments?post=10653"}],"version-history":[{"count":1,"href":"https:\/\/cronicadesoledad.com\/index.php\/wp-json\/wp\/v2\/posts\/10653\/revisions"}],"predecessor-version":[{"id":10655,"href":"https:\/\/cronicadesoledad.com\/index.php\/wp-json\/wp\/v2\/posts\/10653\/revisions\/10655"}],"wp:featuredmedia":[{"embeddable":true,"href":"https:\/\/cronicadesoledad.com\/index.php\/wp-json\/wp\/v2\/media\/10654"}],"wp:attachment":[{"href":"https:\/\/cronicadesoledad.com\/index.php\/wp-json\/wp\/v2\/media?parent=10653"}],"wp:term":[{"taxonomy":"category","embeddable":true,"href":"https:\/\/cronicadesoledad.com\/index.php\/wp-json\/wp\/v2\/categories?post=10653"},{"taxonomy":"post_tag","embeddable":true,"href":"https:\/\/cronicadesoledad.com\/index.php\/wp-json\/wp\/v2\/tags?post=10653"}],"curies":[{"name":"wp","href":"https:\/\/api.w.org\/{rel}","templated":true}]}}