{"id":10673,"date":"2024-05-09T21:00:00","date_gmt":"2024-05-10T03:00:00","guid":{"rendered":"https:\/\/cronicadesoledad.com\/?p=10673"},"modified":"2024-05-09T19:15:50","modified_gmt":"2024-05-10T01:15:50","slug":"inicio-construccion-de-barda-perimetral-en-jardin-de-ninos-roberto-kooch","status":"publish","type":"post","link":"https:\/\/cronicadesoledad.com\/index.php\/2024\/05\/09\/inicio-construccion-de-barda-perimetral-en-jardin-de-ninos-roberto-kooch\/","title":{"rendered":"Inici\u00f3 construcci\u00f3n de barda perimetral en Jard\u00edn de Ni\u00f1os Roberto Kooch"},"content":{"rendered":"\n<p>El Gobierno Municipal de Soledad de Graciano S\u00e1nchez, en colaboraci\u00f3n con el Gobierno del Estado a trav\u00e9s del Instituto Estatal de Infraestructura F\u00edsica y Educativa (IEIFE), inici\u00f3 acciones para la mejora de las instalaciones del Jard\u00edn de Ni\u00f1os \u201cRoberto Kooch\u201d, ubicado en la comunidad de C\u00e1ndido Navarro, con lo que las y los menores de edad gozar\u00e1n de una escuela m\u00e1s segura, digna y armoniosa.<\/p>\n\n\n\n<p>Con una inversi\u00f3n que supera un mill\u00f3n de pesos, se llevar\u00e1 a cabo la construcci\u00f3n de una barda perimetral y la aplicaci\u00f3n de pintura en la fachada principal de este importante centro educativo, en beneficio de m\u00e1s de 50 ni\u00f1os y ni\u00f1as en la actualidad y de futuras generaciones.<\/p>\n\n\n\n<p>La Alcaldesa Interina de Soledad de Graciano S\u00e1nchez expres\u00f3 que esta obra refleja el compromiso conjunto de las autoridades estatales y municipales por mejorar las condiciones educativas en la comunidad, garantizando entornos seguros y adecuados para el desarrollo integral de la ni\u00f1ez.<\/p>\n\n\n\n<p>Por su parte, F\u00e1tima Isela Medina Cruz, directora del Jard\u00edn de Ni\u00f1os, destac\u00f3 que esta obra no solo garantiza la seguridad de las y los ni\u00f1os, sino que tambi\u00e9n brinda tranquilidad a padres y maestros. \u201cEstamos profundamente agradecidos por el apoyo continuo del gobierno municipal y estatal y la dedicaci\u00f3n para mejorar nuestras instalaciones escolares\u201d, mencion\u00f3.<\/p>\n\n\n\n<p>Asimismo, la directora del Instituto Estatal de Infraestructura F\u00edsica y Educativa se\u00f1al\u00f3: &#8220;la educaci\u00f3n cumple un papel fundamental en la vida de todos los seres humanos, por lo que es imprescindible hacer posible el acceso a instalaciones dignas y seguras a todas y todos\u201d.<\/p>\n\n\n\n<p>En el evento, acompa\u00f1aron a la Alcaldesa interina de Soledad, la presidenta del DIF Municipal, el secretario General del Ayuntamiento, el Oficial Mayor, la directora del Instituto Estatal de Infraestructura F\u00edsica y Educativa (IEIFE), la directora de la instituci\u00f3n educativa, as\u00ed como alumnos, alumnas, madres y padres de familia beneficiados.<\/p>\n","protected":false},"excerpt":{"rendered":"<p>El Gobierno Municipal de Soledad de Graciano S\u00e1nchez, en colaboraci\u00f3n con el Gobierno del Estado a trav\u00e9s del Instituto Estatal de Infraestructura F\u00edsica y Educativa (IEIFE), inici\u00f3 acciones para la mejora de las instalaciones del Jard\u00edn de Ni\u00f1os \u201cRoberto Kooch\u201d, ubicado en la comunidad de C\u00e1ndido Navarro, con lo que las y los menores de [&hellip;]<\/p>\n","protected":false},"author":2,"featured_media":10674,"comment_status":"open","ping_status":"open","sticky":false,"template":"","format":"standard","meta":{"footnotes":""},"categories":[24,21],"tags":[223,1855,2024,143,279,2215,294,261,27],"class_list":{"0":"post-10673","1":"post","2":"type-post","3":"status-publish","4":"format-standard","5":"has-post-thumbnail","7":"category-informacion-general","8":"category-tu-soledad","9":"tag-ayuntamiento-soledense","10":"tag-construccion","11":"tag-escuela","12":"tag-inician-construccion-de-barda-de-jardin-de-ninos","13":"tag-obras","14":"tag-roberto-kooch","15":"tag-san-luis","16":"tag-slp","17":"tag-soledad"},"_links":{"self":[{"href":"https:\/\/cronicadesoledad.com\/index.php\/wp-json\/wp\/v2\/posts\/10673","targetHints":{"allow":["GET"]}}],"collection":[{"href":"https:\/\/cronicadesoledad.com\/index.php\/wp-json\/wp\/v2\/posts"}],"about":[{"href":"https:\/\/cronicadesoledad.com\/index.php\/wp-json\/wp\/v2\/types\/post"}],"author":[{"embeddable":true,"href":"https:\/\/cronicadesoledad.com\/index.php\/wp-json\/wp\/v2\/users\/2"}],"replies":[{"embeddable":true,"href":"https:\/\/cronicadesoledad.com\/index.php\/wp-json\/wp\/v2\/comments?post=10673"}],"version-history":[{"count":1,"href":"https:\/\/cronicadesoledad.com\/index.php\/wp-json\/wp\/v2\/posts\/10673\/revisions"}],"predecessor-version":[{"id":10675,"href":"https:\/\/cronicadesoledad.com\/index.php\/wp-json\/wp\/v2\/posts\/10673\/revisions\/10675"}],"wp:featuredmedia":[{"embeddable":true,"href":"https:\/\/cronicadesoledad.com\/index.php\/wp-json\/wp\/v2\/media\/10674"}],"wp:attachment":[{"href":"https:\/\/cronicadesoledad.com\/index.php\/wp-json\/wp\/v2\/media?parent=10673"}],"wp:term":[{"taxonomy":"category","embeddable":true,"href":"https:\/\/cronicadesoledad.com\/index.php\/wp-json\/wp\/v2\/categories?post=10673"},{"taxonomy":"post_tag","embeddable":true,"href":"https:\/\/cronicadesoledad.com\/index.php\/wp-json\/wp\/v2\/tags?post=10673"}],"curies":[{"name":"wp","href":"https:\/\/api.w.org\/{rel}","templated":true}]}}