{"id":10685,"date":"2024-05-10T21:00:00","date_gmt":"2024-05-11T03:00:00","guid":{"rendered":"https:\/\/cronicadesoledad.com\/?p=10685"},"modified":"2024-05-10T19:36:02","modified_gmt":"2024-05-11T01:36:02","slug":"exhortan-a-tomar-medidas-preventivas-y-evitar-incendios-en-baldios","status":"publish","type":"post","link":"https:\/\/cronicadesoledad.com\/index.php\/2024\/05\/10\/exhortan-a-tomar-medidas-preventivas-y-evitar-incendios-en-baldios\/","title":{"rendered":"Exhortan a tomar medidas preventivas y evitar incendios en bald\u00edos"},"content":{"rendered":"\n<p>Ante el registro de las altas temperaturas en el Estado Potosino, la Presidenta Interina de Soledad de Graciano S\u00e1nchez hizo un llamado a la poblaci\u00f3n soledense para sensibilizarse, actuar de manera responsable y evitar actos que puedan iniciar o propagar incendios en bald\u00edos, mediante el efecto lupa, los cuales en ocasiones son por comportamientos humanos.<\/p>\n\n\n\n<p>Explic\u00f3 que arrojar colillas de cigarro encendidas, botellas de vidrio, papeles y otros tipos de basura, as\u00ed como encender fogatas sin tomar medidas preventivas y no apagarlas completamente, pueden ser detonantes de incendios al funcionar como combustibles, por ello, es crucial que los ciudadanos eviten realizar este tipo de acciones.<\/p>\n\n\n\n<p>Destac\u00f3 que, para el Gobierno Municipal, a trav\u00e9s de la Coordinaci\u00f3n de Protecci\u00f3n Civil, prioriza evitar este tipo de incidentes que pueden terminar en hechos mayores, por lo que atiende de manera pronta y las 24 horas cualquier llamado, y con ello proteger la integridad f\u00edsica y el patrimonio que poseen las y los habitantes del municipio.<\/p>\n\n\n\n<p>En caso de detectar un posible incendio forestal o un evento en desarrollo, se hace un llamado a la poblaci\u00f3n para que se comunique de inmediato a las l\u00ednea 444-831-12-60, para intervenir r\u00e1pidamente y evitar posibles cat\u00e1strofes.<\/p>\n","protected":false},"excerpt":{"rendered":"<p>Ante el registro de las altas temperaturas en el Estado Potosino, la Presidenta Interina de Soledad de Graciano S\u00e1nchez hizo un llamado a la poblaci\u00f3n soledense para sensibilizarse, actuar de manera responsable y evitar actos que puedan iniciar o propagar incendios en bald\u00edos, mediante el efecto lupa, los cuales en ocasiones son por comportamientos humanos. [&hellip;]<\/p>\n","protected":false},"author":2,"featured_media":10686,"comment_status":"open","ping_status":"open","sticky":false,"template":"","format":"standard","meta":{"footnotes":""},"categories":[24,21],"tags":[223,2093,1874,1875,1997,294,261,27],"class_list":{"0":"post-10685","1":"post","2":"type-post","3":"status-publish","4":"format-standard","5":"has-post-thumbnail","7":"category-informacion-general","8":"category-tu-soledad","9":"tag-ayuntamiento-soledense","10":"tag-incendios","11":"tag-medidas","12":"tag-medidas-preventivas","13":"tag-preventivas","14":"tag-san-luis","15":"tag-slp","16":"tag-soledad"},"_links":{"self":[{"href":"https:\/\/cronicadesoledad.com\/index.php\/wp-json\/wp\/v2\/posts\/10685","targetHints":{"allow":["GET"]}}],"collection":[{"href":"https:\/\/cronicadesoledad.com\/index.php\/wp-json\/wp\/v2\/posts"}],"about":[{"href":"https:\/\/cronicadesoledad.com\/index.php\/wp-json\/wp\/v2\/types\/post"}],"author":[{"embeddable":true,"href":"https:\/\/cronicadesoledad.com\/index.php\/wp-json\/wp\/v2\/users\/2"}],"replies":[{"embeddable":true,"href":"https:\/\/cronicadesoledad.com\/index.php\/wp-json\/wp\/v2\/comments?post=10685"}],"version-history":[{"count":1,"href":"https:\/\/cronicadesoledad.com\/index.php\/wp-json\/wp\/v2\/posts\/10685\/revisions"}],"predecessor-version":[{"id":10687,"href":"https:\/\/cronicadesoledad.com\/index.php\/wp-json\/wp\/v2\/posts\/10685\/revisions\/10687"}],"wp:featuredmedia":[{"embeddable":true,"href":"https:\/\/cronicadesoledad.com\/index.php\/wp-json\/wp\/v2\/media\/10686"}],"wp:attachment":[{"href":"https:\/\/cronicadesoledad.com\/index.php\/wp-json\/wp\/v2\/media?parent=10685"}],"wp:term":[{"taxonomy":"category","embeddable":true,"href":"https:\/\/cronicadesoledad.com\/index.php\/wp-json\/wp\/v2\/categories?post=10685"},{"taxonomy":"post_tag","embeddable":true,"href":"https:\/\/cronicadesoledad.com\/index.php\/wp-json\/wp\/v2\/tags?post=10685"}],"curies":[{"name":"wp","href":"https:\/\/api.w.org\/{rel}","templated":true}]}}