{"id":10695,"date":"2024-05-13T20:00:00","date_gmt":"2024-05-14T02:00:00","guid":{"rendered":"https:\/\/cronicadesoledad.com\/?p=10695"},"modified":"2024-05-13T19:32:16","modified_gmt":"2024-05-14T01:32:16","slug":"alistan-segunda-etapa-de-consulta-publica-a-personas-con-discapacidad","status":"publish","type":"post","link":"https:\/\/cronicadesoledad.com\/index.php\/2024\/05\/13\/alistan-segunda-etapa-de-consulta-publica-a-personas-con-discapacidad\/","title":{"rendered":"Alistan segunda etapa de consulta p\u00fablica a personas con discapacidad"},"content":{"rendered":"\n<p>En cumplimiento a los valores de inclusi\u00f3n y participaci\u00f3n ciudadana, en colaboraci\u00f3n con el Gobierno del Estado, el Gobierno Municipal de Soledad Graciano S\u00e1nchez alista la segunda etapa de la Consulta P\u00fablica para Personas con Discapacidad, como parte de la elaboraci\u00f3n del Plan Estatal de Desarrollo (PED 2021-2027), este 16 de mayo, por lo que se extiende la invitaci\u00f3n a todas las personas de este sector poblacional.<\/p>\n\n\n\n<p>Luego de que la primera sesi\u00f3n fue informativa, en esta ocasi\u00f3n, se recibir\u00e1n las propuestas de familiares y personas con discapacidad enfocadas a c\u00f3mo lograr vivir mejor en su comunidad, para ello se organizar\u00e1n mesas de trabajo con representantes del Sistema Municipal para el Desarrollo Integral de la Familia (DIF), Infraestructura, Educaci\u00f3n, Secretar\u00eda T\u00e9cnica, Proximidad Social y Derechos Humanos, con el objetivo de interactuar y escuchar las propuestas de las y los participantes.<\/p>\n\n\n\n<p>Al igual que en la primera ocasi\u00f3n, el evento se desarrollar\u00e1 en el Auditorio Municipal de Soledad de Graciano S\u00e1nchez a las 10 de la ma\u00f1ana, y durar\u00e1 entre una hora y hora y media. Adem\u00e1s, se contar\u00e1 con servicio de transporte para aquellos que requieran ser trasladados desde sus domicilios hasta el lugar del evento.<\/p>\n\n\n\n<p>La siguiente reuni\u00f3n est\u00e1 programada para el 25 de junio, donde las autoridades regresar\u00e1n con las y los participantes para informarles sobre c\u00f3mo se han tomado en cuenta sus opiniones, propuestas y necesidades, as\u00ed como lo que se incluir\u00e1 en el plan de desarrollo estatal.<\/p>\n","protected":false},"excerpt":{"rendered":"<p>En cumplimiento a los valores de inclusi\u00f3n y participaci\u00f3n ciudadana, en colaboraci\u00f3n con el Gobierno del Estado, el Gobierno Municipal de Soledad Graciano S\u00e1nchez alista la segunda etapa de la Consulta P\u00fablica para Personas con Discapacidad, como parte de la elaboraci\u00f3n del Plan Estatal de Desarrollo (PED 2021-2027), este 16 de mayo, por lo que [&hellip;]<\/p>\n","protected":false},"author":2,"featured_media":10696,"comment_status":"open","ping_status":"open","sticky":false,"template":"","format":"standard","meta":{"footnotes":""},"categories":[24,21],"tags":[223,2067,2063,1239,294,261,27],"class_list":{"0":"post-10695","1":"post","2":"type-post","3":"status-publish","4":"format-standard","5":"has-post-thumbnail","7":"category-informacion-general","8":"category-tu-soledad","9":"tag-ayuntamiento-soledense","10":"tag-consulta","11":"tag-consulta-publica-para-personas-con-discapacidad","12":"tag-personas-con-discapacidad","13":"tag-san-luis","14":"tag-slp","15":"tag-soledad"},"_links":{"self":[{"href":"https:\/\/cronicadesoledad.com\/index.php\/wp-json\/wp\/v2\/posts\/10695","targetHints":{"allow":["GET"]}}],"collection":[{"href":"https:\/\/cronicadesoledad.com\/index.php\/wp-json\/wp\/v2\/posts"}],"about":[{"href":"https:\/\/cronicadesoledad.com\/index.php\/wp-json\/wp\/v2\/types\/post"}],"author":[{"embeddable":true,"href":"https:\/\/cronicadesoledad.com\/index.php\/wp-json\/wp\/v2\/users\/2"}],"replies":[{"embeddable":true,"href":"https:\/\/cronicadesoledad.com\/index.php\/wp-json\/wp\/v2\/comments?post=10695"}],"version-history":[{"count":1,"href":"https:\/\/cronicadesoledad.com\/index.php\/wp-json\/wp\/v2\/posts\/10695\/revisions"}],"predecessor-version":[{"id":10697,"href":"https:\/\/cronicadesoledad.com\/index.php\/wp-json\/wp\/v2\/posts\/10695\/revisions\/10697"}],"wp:featuredmedia":[{"embeddable":true,"href":"https:\/\/cronicadesoledad.com\/index.php\/wp-json\/wp\/v2\/media\/10696"}],"wp:attachment":[{"href":"https:\/\/cronicadesoledad.com\/index.php\/wp-json\/wp\/v2\/media?parent=10695"}],"wp:term":[{"taxonomy":"category","embeddable":true,"href":"https:\/\/cronicadesoledad.com\/index.php\/wp-json\/wp\/v2\/categories?post=10695"},{"taxonomy":"post_tag","embeddable":true,"href":"https:\/\/cronicadesoledad.com\/index.php\/wp-json\/wp\/v2\/tags?post=10695"}],"curies":[{"name":"wp","href":"https:\/\/api.w.org\/{rel}","templated":true}]}}