{"id":10698,"date":"2024-05-13T21:00:00","date_gmt":"2024-05-14T03:00:00","guid":{"rendered":"https:\/\/cronicadesoledad.com\/?p=10698"},"modified":"2024-05-13T19:34:53","modified_gmt":"2024-05-14T01:34:53","slug":"reconoceran-labor-destacada-de-docentes","status":"publish","type":"post","link":"https:\/\/cronicadesoledad.com\/index.php\/2024\/05\/13\/reconoceran-labor-destacada-de-docentes\/","title":{"rendered":"Reconocer\u00e1n labor destacada de docentes"},"content":{"rendered":"\n<p>Con la finalidad de rendir tributo a las y los maestros ejemplares que han dejado una huella significativa en la educaci\u00f3n, el municipio de Soledad de Graciano S\u00e1nchez ser\u00e1 sede del evento de la entrega de los Premios Municipal y Estatal a la Educaci\u00f3n, en el marco del 15 de mayo \u201cD\u00eda del Maestro\u201d, donde autoridades de ambos \u00f3rdenes de gobierno reconocer\u00e1n a docentes por su destacada trayectoria en diversas \u00e1reas del nivel b\u00e1sico de educaci\u00f3n.<\/p>\n\n\n\n<p>En este contexto, se reconocer\u00e1 a 12 distinguidos profesores y profesoras soledenses del nivel b\u00e1sico de educaci\u00f3n, entre quienes se encuentran 10 docentes seleccionados para recibir el prestigioso Premio Municipal a la Educaci\u00f3n, en reconocimiento a su dedicaci\u00f3n y contribuci\u00f3n excepcional al desarrollo educativo del municipio.<\/p>\n\n\n\n<p>Adem\u00e1s, dos maestros sobresalientes de educaci\u00f3n b\u00e1sica de Soledad de Graciano S\u00e1nchez recibir\u00e1n el distinguido Premio Estatal a la Educaci\u00f3n, otorgado por la Secretar\u00eda de Educaci\u00f3n de Gobierno del Estado (SEGE), en virtud de su compromiso ejemplar con la excelencia educativa.<\/p>\n\n\n\n<p>La Direcci\u00f3n de Educaci\u00f3n Municipal ser\u00e1 la encargada de organizar el evento que se llevar\u00e1 a cabo este 17 de mayo en el sal\u00f3n \u201cLa Candelaria\u201d en Soledad de Graciano S\u00e1nchez, el cual contar\u00e1 con la presencia de autoridades estatales, as\u00ed como representantes de las Secciones 26 y 52 del Sistema Nacional de Trabajadores de la Educaci\u00f3n (SNTE), quienes acompa\u00f1ar\u00e1n y respaldar\u00e1n este merecido reconocimiento.<\/p>\n","protected":false},"excerpt":{"rendered":"<p>Con la finalidad de rendir tributo a las y los maestros ejemplares que han dejado una huella significativa en la educaci\u00f3n, el municipio de Soledad de Graciano S\u00e1nchez ser\u00e1 sede del evento de la entrega de los Premios Municipal y Estatal a la Educaci\u00f3n, en el marco del 15 de mayo \u201cD\u00eda del Maestro\u201d, donde [&hellip;]<\/p>\n","protected":false},"author":2,"featured_media":10699,"comment_status":"open","ping_status":"open","sticky":false,"template":"","format":"standard","meta":{"footnotes":""},"categories":[1,24,21],"tags":[2220,223,2219,2222,2223,2221,294,261,27],"class_list":{"0":"post-10698","1":"post","2":"type-post","3":"status-publish","4":"format-standard","5":"has-post-thumbnail","7":"category-destacadas","8":"category-informacion-general","9":"category-tu-soledad","10":"tag-15-de-mayo","11":"tag-ayuntamiento-soledense","12":"tag-dia-del-maestro","13":"tag-docentes","14":"tag-maestras","15":"tag-maestros","16":"tag-san-luis","17":"tag-slp","18":"tag-soledad"},"_links":{"self":[{"href":"https:\/\/cronicadesoledad.com\/index.php\/wp-json\/wp\/v2\/posts\/10698","targetHints":{"allow":["GET"]}}],"collection":[{"href":"https:\/\/cronicadesoledad.com\/index.php\/wp-json\/wp\/v2\/posts"}],"about":[{"href":"https:\/\/cronicadesoledad.com\/index.php\/wp-json\/wp\/v2\/types\/post"}],"author":[{"embeddable":true,"href":"https:\/\/cronicadesoledad.com\/index.php\/wp-json\/wp\/v2\/users\/2"}],"replies":[{"embeddable":true,"href":"https:\/\/cronicadesoledad.com\/index.php\/wp-json\/wp\/v2\/comments?post=10698"}],"version-history":[{"count":1,"href":"https:\/\/cronicadesoledad.com\/index.php\/wp-json\/wp\/v2\/posts\/10698\/revisions"}],"predecessor-version":[{"id":10700,"href":"https:\/\/cronicadesoledad.com\/index.php\/wp-json\/wp\/v2\/posts\/10698\/revisions\/10700"}],"wp:featuredmedia":[{"embeddable":true,"href":"https:\/\/cronicadesoledad.com\/index.php\/wp-json\/wp\/v2\/media\/10699"}],"wp:attachment":[{"href":"https:\/\/cronicadesoledad.com\/index.php\/wp-json\/wp\/v2\/media?parent=10698"}],"wp:term":[{"taxonomy":"category","embeddable":true,"href":"https:\/\/cronicadesoledad.com\/index.php\/wp-json\/wp\/v2\/categories?post=10698"},{"taxonomy":"post_tag","embeddable":true,"href":"https:\/\/cronicadesoledad.com\/index.php\/wp-json\/wp\/v2\/tags?post=10698"}],"curies":[{"name":"wp","href":"https:\/\/api.w.org\/{rel}","templated":true}]}}