{"id":10728,"date":"2024-05-15T20:00:00","date_gmt":"2024-05-16T02:00:00","guid":{"rendered":"https:\/\/cronicadesoledad.com\/?p=10728"},"modified":"2024-05-15T15:09:51","modified_gmt":"2024-05-15T21:09:51","slug":"con-estimulos-economicos-reconocen-a-policias-soledenses","status":"publish","type":"post","link":"https:\/\/cronicadesoledad.com\/index.php\/2024\/05\/15\/con-estimulos-economicos-reconocen-a-policias-soledenses\/","title":{"rendered":"Con est\u00edmulos econ\u00f3micos, reconocen a polic\u00edas soledenses"},"content":{"rendered":"\n<p>Luego de que el Gobernador del Estado, Ricardo Gallardo Cardona, anunci\u00f3 en las instalaciones de la Direcci\u00f3n General de Seguridad P\u00fablica Municipal de Soledad de Graciano S\u00e1nchez, el inicio de un programa de est\u00edmulos econ\u00f3micos de cinco mil pesos mensuales para 216 elementos operativos; polic\u00edas beneficiarios reconocieron la importancia de este beneficio que reconoce su compromiso y esfuerzo en el desempe\u00f1o de sus funciones y a favor del bien social.<\/p>\n\n\n\n<p>Hugo Isa\u00edas Rodr\u00edguez, de la divisi\u00f3n de Fuerzas Municipales, quien forma parte de esta corporaci\u00f3n desde hace seis a\u00f1os, se\u00f1al\u00f3 que este beneficio monetario ser\u00e1 de gran aporte para su familia; manifest\u00f3 que esta iniciativa refleja el crecimiento y las mejoras que ha experimentado la corporaci\u00f3n en los \u00faltimos a\u00f1os, reconociendo la labor y dedicaci\u00f3n de las y los polic\u00edas.<\/p>\n\n\n\n<p>Por su parte, Jos\u00e9 Arturo Ram\u00edrez Cervantes, adscrito tambi\u00e9n a Fuerzas Municipales, expres\u00f3 su satisfacci\u00f3n por este tipo de apoyos, enfatizando que resultan cruciales para el bienestar de sus familias. \u201cS\u00ed nos hac\u00eda falta porque ning\u00fan gobierno se hab\u00eda acercado a la polic\u00eda municipal, agradecemos al gobierno que nos est\u00e1 apoyando y se est\u00e1 fijando en la polic\u00eda\u201d, extern\u00f3 con emoci\u00f3n.<\/p>\n\n\n\n<p>Sa\u00fal Everardo Arellano \u00c1vila, otro miembro de la corporaci\u00f3n, comparti\u00f3 su alegr\u00eda y orgullo por recibir este est\u00edmulo econ\u00f3mico, destacando que tres personas dependen de \u00e9l; afirm\u00f3 que este apoyo motiva a los polic\u00edas a esforzarse m\u00e1s en su labor diaria, mejorando as\u00ed el servicio a la ciudadan\u00eda. \u201cNunca nos hab\u00edan otorgado un est\u00edmulo como este y es para ayuda de nuestras familias y de nosotros. Estos apoyos nos motivan mucho para echarle m\u00e1s ganas y ayudar a la ciudadan\u00eda\u201d, se\u00f1al\u00f3.<\/p>\n\n\n\n<p>Mar\u00eda Alejandra Cabrera Rojas, tambi\u00e9n de Fuerzas Municipales, consider\u00f3 que este est\u00edmulo es un reconocimiento merecido despu\u00e9s de tantos a\u00f1os de servicio, y reafirm\u00f3 el compromiso de la corporaci\u00f3n para acudir en ayuda de la ciudadan\u00eda cuando sea necesario.&nbsp; \u201cCreo que ya lo merecemos, despu\u00e9s de tantos a\u00f1os se nos reconoce nuestra labor y nuestro desempe\u00f1o como polic\u00edas, nosotros vamos a seguir acudiendo cuando la gente nos necesite\u201d, expres\u00f3.<\/p>\n","protected":false},"excerpt":{"rendered":"<p>Luego de que el Gobernador del Estado, Ricardo Gallardo Cardona, anunci\u00f3 en las instalaciones de la Direcci\u00f3n General de Seguridad P\u00fablica Municipal de Soledad de Graciano S\u00e1nchez, el inicio de un programa de est\u00edmulos econ\u00f3micos de cinco mil pesos mensuales para 216 elementos operativos; polic\u00edas beneficiarios reconocieron la importancia de este beneficio que reconoce su [&hellip;]<\/p>\n","protected":false},"author":2,"featured_media":10729,"comment_status":"open","ping_status":"open","sticky":false,"template":"","format":"standard","meta":{"footnotes":""},"categories":[1,24,19,21],"tags":[223,2227,2226,1760,294,261,27],"class_list":{"0":"post-10728","1":"post","2":"type-post","3":"status-publish","4":"format-standard","5":"has-post-thumbnail","7":"category-destacadas","8":"category-informacion-general","9":"category-seguridad","10":"category-tu-soledad","11":"tag-ayuntamiento-soledense","12":"tag-estimulos-economicos","13":"tag-policias-2","14":"tag-policias-municipales","15":"tag-san-luis","16":"tag-slp","17":"tag-soledad"},"_links":{"self":[{"href":"https:\/\/cronicadesoledad.com\/index.php\/wp-json\/wp\/v2\/posts\/10728","targetHints":{"allow":["GET"]}}],"collection":[{"href":"https:\/\/cronicadesoledad.com\/index.php\/wp-json\/wp\/v2\/posts"}],"about":[{"href":"https:\/\/cronicadesoledad.com\/index.php\/wp-json\/wp\/v2\/types\/post"}],"author":[{"embeddable":true,"href":"https:\/\/cronicadesoledad.com\/index.php\/wp-json\/wp\/v2\/users\/2"}],"replies":[{"embeddable":true,"href":"https:\/\/cronicadesoledad.com\/index.php\/wp-json\/wp\/v2\/comments?post=10728"}],"version-history":[{"count":1,"href":"https:\/\/cronicadesoledad.com\/index.php\/wp-json\/wp\/v2\/posts\/10728\/revisions"}],"predecessor-version":[{"id":10730,"href":"https:\/\/cronicadesoledad.com\/index.php\/wp-json\/wp\/v2\/posts\/10728\/revisions\/10730"}],"wp:featuredmedia":[{"embeddable":true,"href":"https:\/\/cronicadesoledad.com\/index.php\/wp-json\/wp\/v2\/media\/10729"}],"wp:attachment":[{"href":"https:\/\/cronicadesoledad.com\/index.php\/wp-json\/wp\/v2\/media?parent=10728"}],"wp:term":[{"taxonomy":"category","embeddable":true,"href":"https:\/\/cronicadesoledad.com\/index.php\/wp-json\/wp\/v2\/categories?post=10728"},{"taxonomy":"post_tag","embeddable":true,"href":"https:\/\/cronicadesoledad.com\/index.php\/wp-json\/wp\/v2\/tags?post=10728"}],"curies":[{"name":"wp","href":"https:\/\/api.w.org\/{rel}","templated":true}]}}