{"id":10737,"date":"2024-05-18T19:56:57","date_gmt":"2024-05-19T01:56:57","guid":{"rendered":"https:\/\/cronicadesoledad.com\/?p=10737"},"modified":"2024-05-18T19:56:58","modified_gmt":"2024-05-19T01:56:58","slug":"sergio-rebolloso-condena-violencia-y-agresiones-del-famyto","status":"publish","type":"post","link":"https:\/\/cronicadesoledad.com\/index.php\/2024\/05\/18\/sergio-rebolloso-condena-violencia-y-agresiones-del-famyto\/","title":{"rendered":"Sergio Rebolloso condena violencia y agresiones del Famyto"},"content":{"rendered":"\n<p>&#8220;A los soledenses se les debe convencer con propuestas y trabajo, no con actos de violencia&#8221;, se\u00f1al\u00f3 Sergio Rebolloso, candidato del Partido Nueva Alianza a la Presidencia Municipal de Soledad, al condenar en\u00e9rgicamente las agresiones orquestadas por Juan Carlos Vel\u00e1zquez de Morena hacia mujeres y ni\u00f1os en la colonia El Polvor\u00edn.<\/p>\n\n\n\n<p>En un mensaje en video publicado en sus redes sociales, Sergio Rebolloso quien es originario de la comunidad de Enrique Estrada expres\u00f3 que conoce a Juan Carlos Vel\u00e1zquez y su ambici\u00f3n por llegar al poder al contender por cuarta ocasi\u00f3n con distintos colores de partido, &#8216;brincando de un partido a otro, no encuentro el por qu\u00e9 actuar de esta forma en contra de la gente\u2026 Vi el video, a los ni\u00f1os corriendo, a las familias corriendo y no es justo que los soledenses tengan esta imagen de los candidatos&#8221;.<\/p>\n\n\n\n<p>Las acciones del candidato de Morena no son bien vistas por la ciudadan\u00eda soledense, se\u00f1al\u00f3 el candidato, &#8220;pierde la credibilidad ante la ciudadan\u00eda, queremos que las campa\u00f1as sean de altura, limpias y transparentes y que las familias decidan por quien votar realmente &#8220;.<\/p>\n\n\n\n<p>Sergio Rebolloso indic\u00f3 que como candidato de Panal no ha tenido conflicto y ha desarrollado su campa\u00f1a sin problemas, pero fustig\u00f3 que Juan Carlos Vel\u00e1zquez est\u00e9 obsesionado con la candidatura pese a que la gente no lo acepta, &#8220;la violencia no es la forma de convencer a la gente, &#8220;los soledenses saben por qui\u00e9n votar, si quieren seguir con el progreso de Soledad adelante, los soledenses son quienes deciden por quien votar&#8221;, expres\u00f3.<\/p>\n","protected":false},"excerpt":{"rendered":"<p>&#8220;A los soledenses se les debe convencer con propuestas y trabajo, no con actos de violencia&#8221;, se\u00f1al\u00f3 Sergio Rebolloso, candidato del Partido Nueva Alianza a la Presidencia Municipal de Soledad, al condenar en\u00e9rgicamente las agresiones orquestadas por Juan Carlos Vel\u00e1zquez de Morena hacia mujeres y ni\u00f1os en la colonia El Polvor\u00edn. En un mensaje en [&hellip;]<\/p>\n","protected":false},"author":2,"featured_media":10738,"comment_status":"open","ping_status":"open","sticky":false,"template":"","format":"standard","meta":{"footnotes":""},"categories":[24],"tags":[2233,2234,1896,2121,2235,2232,27,1899],"class_list":{"0":"post-10737","1":"post","2":"type-post","3":"status-publish","4":"format-standard","5":"has-post-thumbnail","7":"category-informacion-general","8":"tag-agresiones","9":"tag-el-famyto","10":"tag-elecciones","11":"tag-juan-carlos-velazquez","12":"tag-partido-nueva-alianza","13":"tag-sergio-rebosillo","14":"tag-soledad","15":"tag-violencia"},"_links":{"self":[{"href":"https:\/\/cronicadesoledad.com\/index.php\/wp-json\/wp\/v2\/posts\/10737","targetHints":{"allow":["GET"]}}],"collection":[{"href":"https:\/\/cronicadesoledad.com\/index.php\/wp-json\/wp\/v2\/posts"}],"about":[{"href":"https:\/\/cronicadesoledad.com\/index.php\/wp-json\/wp\/v2\/types\/post"}],"author":[{"embeddable":true,"href":"https:\/\/cronicadesoledad.com\/index.php\/wp-json\/wp\/v2\/users\/2"}],"replies":[{"embeddable":true,"href":"https:\/\/cronicadesoledad.com\/index.php\/wp-json\/wp\/v2\/comments?post=10737"}],"version-history":[{"count":1,"href":"https:\/\/cronicadesoledad.com\/index.php\/wp-json\/wp\/v2\/posts\/10737\/revisions"}],"predecessor-version":[{"id":10739,"href":"https:\/\/cronicadesoledad.com\/index.php\/wp-json\/wp\/v2\/posts\/10737\/revisions\/10739"}],"wp:featuredmedia":[{"embeddable":true,"href":"https:\/\/cronicadesoledad.com\/index.php\/wp-json\/wp\/v2\/media\/10738"}],"wp:attachment":[{"href":"https:\/\/cronicadesoledad.com\/index.php\/wp-json\/wp\/v2\/media?parent=10737"}],"wp:term":[{"taxonomy":"category","embeddable":true,"href":"https:\/\/cronicadesoledad.com\/index.php\/wp-json\/wp\/v2\/categories?post=10737"},{"taxonomy":"post_tag","embeddable":true,"href":"https:\/\/cronicadesoledad.com\/index.php\/wp-json\/wp\/v2\/tags?post=10737"}],"curies":[{"name":"wp","href":"https:\/\/api.w.org\/{rel}","templated":true}]}}