{"id":10740,"date":"2024-05-20T03:00:00","date_gmt":"2024-05-20T09:00:00","guid":{"rendered":"https:\/\/cronicadesoledad.com\/?p=10740"},"modified":"2024-05-20T00:28:25","modified_gmt":"2024-05-20T06:28:25","slug":"auxiliaron-a-dos-menores-victimas-de-violencia-infantil","status":"publish","type":"post","link":"https:\/\/cronicadesoledad.com\/index.php\/2024\/05\/20\/auxiliaron-a-dos-menores-victimas-de-violencia-infantil\/","title":{"rendered":"Auxiliaron a dos menores v\u00edctimas de violencia infantil"},"content":{"rendered":"\n<p>Una alerta emitida por el Centro de Control, Comando, comunicaciones y C\u00f3mputo (C-4), sobre el arribo de dos menores a un centro de salud ubicado en la colonia Primero de Mayo Segunda Secci\u00f3n, moviliz\u00f3 a los oficiales de la Unidad Especializada en Atenci\u00f3n a la Violencia de G\u00e9nero (UEAVG), de la Guardia Civil Estatal, quienes atendieron el hecho y brindaron auxilio a los menores, canaliz\u00e1ndolos a un refugio para la protecci\u00f3n inmediata de su integridad.<\/p>\n\n\n\n<p>Al arribo de los uniformados al centro de salud, la responsable del lugar indic\u00f3 que hab\u00eda recibido a los menores de 7 y 8 a\u00f1os de edad, quienes ped\u00edan dinero y comida, al no poder ubicar a sus padres o tutores, report\u00f3 los hechos a las autoridades, para su debida atenci\u00f3n, luego de notar que podr\u00edan ser v\u00edctimas de violencia.<\/p>\n\n\n\n<p>Ante ello, la UEAVG, traslad\u00f3 a los menores a la comandancia central, en donde, mediante el \u00e1rea de Trabajo Social, se les dio seguimiento a sus casos, sin poder establecer contacto con sus tutores legales, tambi\u00e9n fueron revisados por m\u00e9dicos de la comandancia, quienes indicaron que los ni\u00f1os presentaban cicatrizaci\u00f3n de heridas en algunas partes de su cuerpo y huellas de lesiones.<\/p>\n\n\n\n<p>Mediante este antecedente, se le dio conocimiento a la Procuradur\u00eda de Protecci\u00f3n de Ni\u00f1as, Ni\u00f1os y Adolescentes (PPNNA), quienes indicaron avisar a la Fiscal\u00eda Especializada para la Atenci\u00f3n de la Mujer, la Familia y Delitos Sexuales, para dar seguimiento de este posible caso de maltrato infantil y abandono. Los menores de edad fueron trasladados a un refugio para proteger su integridad y continuar con las investigaciones sobre este caso.<\/p>\n\n\n\n<p>Cualquier acto que transgreda en los derechos de las ni\u00f1as y ni\u00f1os a una vida libre de violencia, es motivo de sanci\u00f3n y se castiga con c\u00e1rcel, por ello se exhorta a la poblaci\u00f3n a denunciar cualquier acto de maltrato infantil a la L\u00ednea de Emergencias 911 o bien de forma an\u00f3nima al 089.<\/p>\n","protected":false},"excerpt":{"rendered":"<p>Una alerta emitida por el Centro de Control, Comando, comunicaciones y C\u00f3mputo (C-4), sobre el arribo de dos menores a un centro de salud ubicado en la colonia Primero de Mayo Segunda Secci\u00f3n, moviliz\u00f3 a los oficiales de la Unidad Especializada en Atenci\u00f3n a la Violencia de G\u00e9nero (UEAVG), de la Guardia Civil Estatal, quienes [&hellip;]<\/p>\n","protected":false},"author":2,"featured_media":10741,"comment_status":"open","ping_status":"open","sticky":false,"template":"","format":"standard","meta":{"footnotes":""},"categories":[1,24,19,21],"tags":[1163,2236,2042,294,276,261,27,1694],"class_list":{"0":"post-10740","1":"post","2":"type-post","3":"status-publish","4":"format-standard","5":"has-post-thumbnail","7":"category-destacadas","8":"category-informacion-general","9":"category-seguridad","10":"category-tu-soledad","11":"tag-auxilio","12":"tag-menores","13":"tag-ninos-2","14":"tag-san-luis","15":"tag-seguridad","16":"tag-slp","17":"tag-soledad","18":"tag-violencia-infantil"},"_links":{"self":[{"href":"https:\/\/cronicadesoledad.com\/index.php\/wp-json\/wp\/v2\/posts\/10740","targetHints":{"allow":["GET"]}}],"collection":[{"href":"https:\/\/cronicadesoledad.com\/index.php\/wp-json\/wp\/v2\/posts"}],"about":[{"href":"https:\/\/cronicadesoledad.com\/index.php\/wp-json\/wp\/v2\/types\/post"}],"author":[{"embeddable":true,"href":"https:\/\/cronicadesoledad.com\/index.php\/wp-json\/wp\/v2\/users\/2"}],"replies":[{"embeddable":true,"href":"https:\/\/cronicadesoledad.com\/index.php\/wp-json\/wp\/v2\/comments?post=10740"}],"version-history":[{"count":1,"href":"https:\/\/cronicadesoledad.com\/index.php\/wp-json\/wp\/v2\/posts\/10740\/revisions"}],"predecessor-version":[{"id":10742,"href":"https:\/\/cronicadesoledad.com\/index.php\/wp-json\/wp\/v2\/posts\/10740\/revisions\/10742"}],"wp:featuredmedia":[{"embeddable":true,"href":"https:\/\/cronicadesoledad.com\/index.php\/wp-json\/wp\/v2\/media\/10741"}],"wp:attachment":[{"href":"https:\/\/cronicadesoledad.com\/index.php\/wp-json\/wp\/v2\/media?parent=10740"}],"wp:term":[{"taxonomy":"category","embeddable":true,"href":"https:\/\/cronicadesoledad.com\/index.php\/wp-json\/wp\/v2\/categories?post=10740"},{"taxonomy":"post_tag","embeddable":true,"href":"https:\/\/cronicadesoledad.com\/index.php\/wp-json\/wp\/v2\/tags?post=10740"}],"curies":[{"name":"wp","href":"https:\/\/api.w.org\/{rel}","templated":true}]}}