{"id":10746,"date":"2024-05-20T03:30:00","date_gmt":"2024-05-20T09:30:00","guid":{"rendered":"https:\/\/cronicadesoledad.com\/?p=10746"},"modified":"2024-05-20T00:30:08","modified_gmt":"2024-05-20T06:30:08","slug":"escuelas-evaluaran-cambio-de-uniformes-por-calor","status":"publish","type":"post","link":"https:\/\/cronicadesoledad.com\/index.php\/2024\/05\/20\/escuelas-evaluaran-cambio-de-uniformes-por-calor\/","title":{"rendered":"Escuelas evaluar\u00e1n cambio de uniformes por calor"},"content":{"rendered":"\n<p>La Direcci\u00f3n de Educaci\u00f3n y Acci\u00f3n C\u00edvica de Soledad de Graciano S\u00e1nchez est\u00e1 considerando la implementaci\u00f3n de cambios en la vestimenta escolar debido a las altas temperaturas actuales. Juan Castro Castillo, titular de la Direcci\u00f3n, anunci\u00f3 que se est\u00e1 estudiando la posibilidad de permitir a los estudiantes usar ropa m\u00e1s adecuada para el calor, como prendas de algod\u00f3n y telas ligeras.<\/p>\n\n\n\n<p>Castro Castillo subray\u00f3 que los uniformes escolares tradicionales, que suelen tener varias capas, pueden resultar inadecuados en condiciones de calor extremo. La propuesta busca ofrecer mayor flexibilidad en el c\u00f3digo de vestimenta, permitiendo el uso de ropa que facilite la ventilaci\u00f3n y reduzca la retenci\u00f3n de sudor, con el objetivo de prevenir golpes de calor entre los estudiantes.<\/p>\n\n\n\n<p>\u201cEstamos evaluando permitir el uso de prendas de algod\u00f3n y manga corta que faciliten la ventilaci\u00f3n. Esta medida se alinea con las estrategias del Gobierno del Estado para enfrentar las altas temperaturas\u201d, indic\u00f3 Castro Castillo. Adem\u00e1s, resalt\u00f3 la importancia de adaptar el entorno escolar a las condiciones clim\u00e1ticas actuales para garantizar la salud y el bienestar de los alumnos.<\/p>\n\n\n\n<p>Adicionalmente, las escuelas en Soledad de Graciano S\u00e1nchez han implementado medidas para reducir la exposici\u00f3n al calor, como trasladar clases de educaci\u00f3n f\u00edsica a las aulas o a espacios al aire libre con sombra. Estas acciones buscan minimizar el impacto del clima en la comunidad estudiantil.<\/p>\n\n\n\n<p>La Direcci\u00f3n de Educaci\u00f3n y Acci\u00f3n C\u00edvica reitera su compromiso con la seguridad y el bienestar de los estudiantes, asegurando que se tomar\u00e1n todas las medidas necesarias para crear un ambiente escolar seguro y adaptado a las condiciones clim\u00e1ticas extremas.<\/p>\n","protected":false},"excerpt":{"rendered":"<p>La Direcci\u00f3n de Educaci\u00f3n y Acci\u00f3n C\u00edvica de Soledad de Graciano S\u00e1nchez est\u00e1 considerando la implementaci\u00f3n de cambios en la vestimenta escolar debido a las altas temperaturas actuales. Juan Castro Castillo, titular de la Direcci\u00f3n, anunci\u00f3 que se est\u00e1 estudiando la posibilidad de permitir a los estudiantes usar ropa m\u00e1s adecuada para el calor, como [&hellip;]<\/p>\n","protected":false},"author":2,"featured_media":10747,"comment_status":"open","ping_status":"open","sticky":false,"template":"","format":"standard","meta":{"footnotes":""},"categories":[1,24,21],"tags":[223,1852,345,565,294,261,27,894],"class_list":{"0":"post-10746","1":"post","2":"type-post","3":"status-publish","4":"format-standard","5":"has-post-thumbnail","7":"category-destacadas","8":"category-informacion-general","9":"category-tu-soledad","10":"tag-ayuntamiento-soledense","11":"tag-calor","12":"tag-clima","13":"tag-escuelas","14":"tag-san-luis","15":"tag-slp","16":"tag-soledad","17":"tag-uniformes"},"_links":{"self":[{"href":"https:\/\/cronicadesoledad.com\/index.php\/wp-json\/wp\/v2\/posts\/10746","targetHints":{"allow":["GET"]}}],"collection":[{"href":"https:\/\/cronicadesoledad.com\/index.php\/wp-json\/wp\/v2\/posts"}],"about":[{"href":"https:\/\/cronicadesoledad.com\/index.php\/wp-json\/wp\/v2\/types\/post"}],"author":[{"embeddable":true,"href":"https:\/\/cronicadesoledad.com\/index.php\/wp-json\/wp\/v2\/users\/2"}],"replies":[{"embeddable":true,"href":"https:\/\/cronicadesoledad.com\/index.php\/wp-json\/wp\/v2\/comments?post=10746"}],"version-history":[{"count":1,"href":"https:\/\/cronicadesoledad.com\/index.php\/wp-json\/wp\/v2\/posts\/10746\/revisions"}],"predecessor-version":[{"id":10748,"href":"https:\/\/cronicadesoledad.com\/index.php\/wp-json\/wp\/v2\/posts\/10746\/revisions\/10748"}],"wp:featuredmedia":[{"embeddable":true,"href":"https:\/\/cronicadesoledad.com\/index.php\/wp-json\/wp\/v2\/media\/10747"}],"wp:attachment":[{"href":"https:\/\/cronicadesoledad.com\/index.php\/wp-json\/wp\/v2\/media?parent=10746"}],"wp:term":[{"taxonomy":"category","embeddable":true,"href":"https:\/\/cronicadesoledad.com\/index.php\/wp-json\/wp\/v2\/categories?post=10746"},{"taxonomy":"post_tag","embeddable":true,"href":"https:\/\/cronicadesoledad.com\/index.php\/wp-json\/wp\/v2\/tags?post=10746"}],"curies":[{"name":"wp","href":"https:\/\/api.w.org\/{rel}","templated":true}]}}