{"id":10762,"date":"2024-05-20T22:37:53","date_gmt":"2024-05-21T04:37:53","guid":{"rendered":"https:\/\/cronicadesoledad.com\/?p=10762"},"modified":"2024-05-20T22:37:54","modified_gmt":"2024-05-21T04:37:54","slug":"dif-municipal-ofrecera-pruebas-gratuitas-de-papanicolaou-y-vih","status":"publish","type":"post","link":"https:\/\/cronicadesoledad.com\/index.php\/2024\/05\/20\/dif-municipal-ofrecera-pruebas-gratuitas-de-papanicolaou-y-vih\/","title":{"rendered":"DIF Municipal ofrecer\u00e1 pruebas gratuitas de papanicolaou y VIH"},"content":{"rendered":"\n<p>Con la finalidad de concientizar a la poblaci\u00f3n sobre la prevenci\u00f3n, detecci\u00f3n y tratamiento de los c\u00e1nceres cervicouterino y de mama, el Sistema para el Desarrollo Integral de la Familia (DIF) Municipal de Soledad de Graciano S\u00e1nchez invita a las mujeres soledenses a una pl\u00e1tica informativa sobre estas enfermedades.<\/p>\n\n\n\n<p>Este evento se llevar\u00e1 a cabo el mi\u00e9rcoles 22 de mayo a las 11:00 horas en calle Huerta del Nogal #231, Fraccionamiento San Gerardo, siendo una importante jornada de salud, en la que se ofrecer\u00e1n servicios gratuitos, incluyendo pruebas de Papanicolau, fundamentales para la detecci\u00f3n temprana del c\u00e1ncer cervicouterino, y pruebas de VIH, esenciales para el diagn\u00f3stico y tratamiento oportuno.<\/p>\n\n\n\n<p>La pl\u00e1tica informativa tiene como objetivo conocer las medidas preventivas que pueden reducir el riesgo de padecer estas enfermedades y para informarse sobre los s\u00edntomas y la importancia de realizarse ex\u00e1menes m\u00e9dicos peri\u00f3dicos, pues si estas se detectan a tiempo, tienen un mayor \u00edndice de tratamiento exitoso.<\/p>\n\n\n\n<p>Para m\u00e1s informaci\u00f3n, el DIF municipal de Soledad de Graciano S\u00e1nchez pone a la disposici\u00f3n de la ciudadan\u00eda sus redes sociales donde se brinda respuesta inmediata, as\u00ed como las l\u00edneas telef\u00f3nicas: 444 854-51-02 y 444 831-16-54.<\/p>\n","protected":false},"excerpt":{"rendered":"<p>Con la finalidad de concientizar a la poblaci\u00f3n sobre la prevenci\u00f3n, detecci\u00f3n y tratamiento de los c\u00e1nceres cervicouterino y de mama, el Sistema para el Desarrollo Integral de la Familia (DIF) Municipal de Soledad de Graciano S\u00e1nchez invita a las mujeres soledenses a una pl\u00e1tica informativa sobre estas enfermedades. Este evento se llevar\u00e1 a cabo [&hellip;]<\/p>\n","protected":false},"author":2,"featured_media":10763,"comment_status":"open","ping_status":"open","sticky":false,"template":"","format":"standard","meta":{"footnotes":""},"categories":[24,21],"tags":[223,427,2241,269,294,261,27,952],"class_list":{"0":"post-10762","1":"post","2":"type-post","3":"status-publish","4":"format-standard","5":"has-post-thumbnail","7":"category-informacion-general","8":"category-tu-soledad","9":"tag-ayuntamiento-soledense","10":"tag-dif-soledense","11":"tag-papanicolaou","12":"tag-salud","13":"tag-san-luis","14":"tag-slp","15":"tag-soledad","16":"tag-vih"},"_links":{"self":[{"href":"https:\/\/cronicadesoledad.com\/index.php\/wp-json\/wp\/v2\/posts\/10762","targetHints":{"allow":["GET"]}}],"collection":[{"href":"https:\/\/cronicadesoledad.com\/index.php\/wp-json\/wp\/v2\/posts"}],"about":[{"href":"https:\/\/cronicadesoledad.com\/index.php\/wp-json\/wp\/v2\/types\/post"}],"author":[{"embeddable":true,"href":"https:\/\/cronicadesoledad.com\/index.php\/wp-json\/wp\/v2\/users\/2"}],"replies":[{"embeddable":true,"href":"https:\/\/cronicadesoledad.com\/index.php\/wp-json\/wp\/v2\/comments?post=10762"}],"version-history":[{"count":1,"href":"https:\/\/cronicadesoledad.com\/index.php\/wp-json\/wp\/v2\/posts\/10762\/revisions"}],"predecessor-version":[{"id":10764,"href":"https:\/\/cronicadesoledad.com\/index.php\/wp-json\/wp\/v2\/posts\/10762\/revisions\/10764"}],"wp:featuredmedia":[{"embeddable":true,"href":"https:\/\/cronicadesoledad.com\/index.php\/wp-json\/wp\/v2\/media\/10763"}],"wp:attachment":[{"href":"https:\/\/cronicadesoledad.com\/index.php\/wp-json\/wp\/v2\/media?parent=10762"}],"wp:term":[{"taxonomy":"category","embeddable":true,"href":"https:\/\/cronicadesoledad.com\/index.php\/wp-json\/wp\/v2\/categories?post=10762"},{"taxonomy":"post_tag","embeddable":true,"href":"https:\/\/cronicadesoledad.com\/index.php\/wp-json\/wp\/v2\/tags?post=10762"}],"curies":[{"name":"wp","href":"https:\/\/api.w.org\/{rel}","templated":true}]}}