{"id":10778,"date":"2024-05-21T20:00:00","date_gmt":"2024-05-22T02:00:00","guid":{"rendered":"https:\/\/cronicadesoledad.com\/?p=10778"},"modified":"2024-05-21T21:14:42","modified_gmt":"2024-05-22T03:14:42","slug":"piden-a-soledenses-no-bajar-guardia-ante-ola-de-calor","status":"publish","type":"post","link":"https:\/\/cronicadesoledad.com\/index.php\/2024\/05\/21\/piden-a-soledenses-no-bajar-guardia-ante-ola-de-calor\/","title":{"rendered":"Piden a soledenses no bajar guardia ante ola de calor"},"content":{"rendered":"\n<p>El Gobierno Municipal de Soledad de Graciano S\u00e1nchez solicita a la poblaci\u00f3n en general mantener la guardia ante las altas temperaturas que se est\u00e1n registrando en la entidad, derivado de la tercera ola de calor que afecta al pa\u00eds, y pide poner especial atenci\u00f3n a ni\u00f1os, ni\u00f1as y adultos mayores, as\u00ed como quienes trabajan o realizan sus actividades a la intemperie.<\/p>\n\n\n\n<p>En las \u00faltimas semanas, la Coordinaci\u00f3n Municipal de Protecci\u00f3n Civil Municipal atendi\u00f3 tres personas por golpes de calor mientras realizaban actividades al aire libre, quienes fueron trasladadas a hospitales para recibir atenci\u00f3n m\u00e9dica. En Soledad, la temperatura m\u00e1s alta registrada ha sido de 39 grados, y se pronostica que las temperaturas podr\u00edan incrementarse a\u00fan m\u00e1s en los pr\u00f3ximos d\u00edas.<\/p>\n\n\n\n<p>En el mismo sentido, la Direcci\u00f3n de Servicio M\u00e9dico en el municipio, en coordinaci\u00f3n con Protecci\u00f3n Civil, recomienda a la poblaci\u00f3n proteger especialmente a ni\u00f1os y ni\u00f1as menores de 5 a\u00f1os de edad y adultos mayores, ante el aumento de infecciones intestinales y deshidrataciones leves durante las olas de calor.<\/p>\n\n\n\n<p>Para proteger la salud durante esta temporada de calor, se recomienda mantenerse hidratado bebiendo abundante agua durante el d\u00eda y evitar la ingesta de bebidas alcoh\u00f3licas; mantener alimentos refrigerados y bien conservados; usar ropa ligera, de colores claros y tejidos transpirables, y usar protector solar para protegerse de la radiaci\u00f3n UV. Es importante evitar exponerse al sol durante las horas de mayor intensidad, que son entre las 11 de la ma\u00f1ana y 4 de la tarde.<\/p>\n\n\n\n<p>A trav\u00e9s de Consultorios Gratuitos, el Servicio M\u00e9dico ha observado un incremento en los casos de infecciones intestinales y deshidrataciones leves, derivados en gran medida, de la r\u00e1pida descomposici\u00f3n de los alimentos y a la exposici\u00f3n prolongada al calor.<\/p>\n\n\n\n<p>Las infecciones intestinales pueden provocar s\u00edntomas como diarrea, v\u00f3mitos y malestar general, por lo que es fundamental extremar las precauciones en la manipulaci\u00f3n y conservaci\u00f3n de los alimentos para evitar estos problemas. La deshidrataci\u00f3n puede manifestarse con s\u00edntomas como sed intensa, boca seca, orina de color oscuro y fatiga.<\/p>\n\n\n\n<p>Si presenta s\u00edntomas graves o persistentes relacionados con infecciones intestinales o deshidrataci\u00f3n, es imperante acudir a los centros de salud para recibir atenci\u00f3n m\u00e9dica oportuna.<\/p>\n","protected":false},"excerpt":{"rendered":"<p>El Gobierno Municipal de Soledad de Graciano S\u00e1nchez solicita a la poblaci\u00f3n en general mantener la guardia ante las altas temperaturas que se est\u00e1n registrando en la entidad, derivado de la tercera ola de calor que afecta al pa\u00eds, y pide poner especial atenci\u00f3n a ni\u00f1os, ni\u00f1as y adultos mayores, as\u00ed como quienes trabajan o [&hellip;]<\/p>\n","protected":false},"author":2,"featured_media":10779,"comment_status":"open","ping_status":"open","sticky":false,"template":"","format":"standard","meta":{"footnotes":""},"categories":[24,21],"tags":[2102,223,1852,294,261,27,2244],"class_list":{"0":"post-10778","1":"post","2":"type-post","3":"status-publish","4":"format-standard","5":"has-post-thumbnail","7":"category-informacion-general","8":"category-tu-soledad","9":"tag-altas-temperaturas","10":"tag-ayuntamiento-soledense","11":"tag-calor","12":"tag-san-luis","13":"tag-slp","14":"tag-soledad","15":"tag-temperatura"},"_links":{"self":[{"href":"https:\/\/cronicadesoledad.com\/index.php\/wp-json\/wp\/v2\/posts\/10778","targetHints":{"allow":["GET"]}}],"collection":[{"href":"https:\/\/cronicadesoledad.com\/index.php\/wp-json\/wp\/v2\/posts"}],"about":[{"href":"https:\/\/cronicadesoledad.com\/index.php\/wp-json\/wp\/v2\/types\/post"}],"author":[{"embeddable":true,"href":"https:\/\/cronicadesoledad.com\/index.php\/wp-json\/wp\/v2\/users\/2"}],"replies":[{"embeddable":true,"href":"https:\/\/cronicadesoledad.com\/index.php\/wp-json\/wp\/v2\/comments?post=10778"}],"version-history":[{"count":1,"href":"https:\/\/cronicadesoledad.com\/index.php\/wp-json\/wp\/v2\/posts\/10778\/revisions"}],"predecessor-version":[{"id":10780,"href":"https:\/\/cronicadesoledad.com\/index.php\/wp-json\/wp\/v2\/posts\/10778\/revisions\/10780"}],"wp:featuredmedia":[{"embeddable":true,"href":"https:\/\/cronicadesoledad.com\/index.php\/wp-json\/wp\/v2\/media\/10779"}],"wp:attachment":[{"href":"https:\/\/cronicadesoledad.com\/index.php\/wp-json\/wp\/v2\/media?parent=10778"}],"wp:term":[{"taxonomy":"category","embeddable":true,"href":"https:\/\/cronicadesoledad.com\/index.php\/wp-json\/wp\/v2\/categories?post=10778"},{"taxonomy":"post_tag","embeddable":true,"href":"https:\/\/cronicadesoledad.com\/index.php\/wp-json\/wp\/v2\/tags?post=10778"}],"curies":[{"name":"wp","href":"https:\/\/api.w.org\/{rel}","templated":true}]}}