{"id":10785,"date":"2024-05-22T19:00:00","date_gmt":"2024-05-23T01:00:00","guid":{"rendered":"https:\/\/cronicadesoledad.com\/?p=10785"},"modified":"2024-05-22T18:15:04","modified_gmt":"2024-05-23T00:15:04","slug":"inicia-pavimentacion-y-transformacion-de-la-colonia-genaro-vazquez","status":"publish","type":"post","link":"https:\/\/cronicadesoledad.com\/index.php\/2024\/05\/22\/inicia-pavimentacion-y-transformacion-de-la-colonia-genaro-vazquez\/","title":{"rendered":"Inicia pavimentaci\u00f3n y transformaci\u00f3n de la colonia Genaro V\u00e1zquez"},"content":{"rendered":"\n<p>Soledad de Graciano S\u00e1nchez avanza en su consolidaci\u00f3n como un municipio con infraestructura urbana de primer nivel, con vialidades seguras y transformadas que dan mayor bienestar a sus usuarios y usuarias en sus actividades diarias, subray\u00f3 la alcaldesa interina al encabezar el evento oficial para el arranque de pavimentaci\u00f3n de calles en la colonia Genaro V\u00e1zquez Rojas, en la zona oriente del municipio; trabajos que representan la inversi\u00f3n de m\u00e1s de dos millones de pesos.<\/p>\n\n\n\n<p>Este proyecto de infraestructura urbana y social es financiado con recursos del Fondo de Fortalecimiento Municipal y beneficiar\u00e1 de manera directa a m\u00e1s de cuatro mil habitantes de la zona, mejorando significativamente su calidad de vida al facilitar su tr\u00e1nsito de manera segura, r\u00e1pida y c\u00f3moda.<\/p>\n\n\n\n<p>Las obras abarcar\u00e1n una superficie de aproximadamente dos mil 300 metros cuadrados e incluir\u00e1n excavaciones para la instalaci\u00f3n de nuevas tuber\u00edas hidr\u00e1ulicas y sanitarias. La pavimentaci\u00f3n se llevar\u00e1 a cabo con concreto hidr\u00e1ulico de 15 cent\u00edmetros de espesor, y se contempla tambi\u00e9n la aplicaci\u00f3n de pintura y se\u00f1alizaci\u00f3n vial para un mejor uso de las nuevas calles.<\/p>\n\n\n\n<p>Con estas obras se reducir\u00e1n los tiempos de traslado hacia las labores cotidianas, facilitando el acceso de las y los ni\u00f1os a sus escuelas y se elevar\u00e1 la calidad de vida de las y los soledenses, adem\u00e1s de generar un incremento considerable en la plusval\u00eda de las viviendas.<\/p>\n\n\n\n<p>El evento de inicio de los trabajos de pavimentaci\u00f3n cont\u00f3 adem\u00e1s con la presencia de la presidenta del DIF Municipal; el secretario General del Ayuntamiento, la titular de Infraestructura Municipal, la Contralora Municipal, as\u00ed como numerosos vecinos y vecinas beneficiadas.<\/p>\n","protected":false},"excerpt":{"rendered":"<p>Soledad de Graciano S\u00e1nchez avanza en su consolidaci\u00f3n como un municipio con infraestructura urbana de primer nivel, con vialidades seguras y transformadas que dan mayor bienestar a sus usuarios y usuarias en sus actividades diarias, subray\u00f3 la alcaldesa interina al encabezar el evento oficial para el arranque de pavimentaci\u00f3n de calles en la colonia Genaro [&hellip;]<\/p>\n","protected":false},"author":2,"featured_media":10786,"comment_status":"open","ping_status":"open","sticky":false,"template":"","format":"standard","meta":{"footnotes":""},"categories":[1,24,21],"tags":[223,2247,279,2202,294,261,27],"class_list":{"0":"post-10785","1":"post","2":"type-post","3":"status-publish","4":"format-standard","5":"has-post-thumbnail","7":"category-destacadas","8":"category-informacion-general","9":"category-tu-soledad","10":"tag-ayuntamiento-soledense","11":"tag-genaro-vazquez","12":"tag-obras","13":"tag-pavimentacion-2","14":"tag-san-luis","15":"tag-slp","16":"tag-soledad"},"_links":{"self":[{"href":"https:\/\/cronicadesoledad.com\/index.php\/wp-json\/wp\/v2\/posts\/10785","targetHints":{"allow":["GET"]}}],"collection":[{"href":"https:\/\/cronicadesoledad.com\/index.php\/wp-json\/wp\/v2\/posts"}],"about":[{"href":"https:\/\/cronicadesoledad.com\/index.php\/wp-json\/wp\/v2\/types\/post"}],"author":[{"embeddable":true,"href":"https:\/\/cronicadesoledad.com\/index.php\/wp-json\/wp\/v2\/users\/2"}],"replies":[{"embeddable":true,"href":"https:\/\/cronicadesoledad.com\/index.php\/wp-json\/wp\/v2\/comments?post=10785"}],"version-history":[{"count":1,"href":"https:\/\/cronicadesoledad.com\/index.php\/wp-json\/wp\/v2\/posts\/10785\/revisions"}],"predecessor-version":[{"id":10787,"href":"https:\/\/cronicadesoledad.com\/index.php\/wp-json\/wp\/v2\/posts\/10785\/revisions\/10787"}],"wp:featuredmedia":[{"embeddable":true,"href":"https:\/\/cronicadesoledad.com\/index.php\/wp-json\/wp\/v2\/media\/10786"}],"wp:attachment":[{"href":"https:\/\/cronicadesoledad.com\/index.php\/wp-json\/wp\/v2\/media?parent=10785"}],"wp:term":[{"taxonomy":"category","embeddable":true,"href":"https:\/\/cronicadesoledad.com\/index.php\/wp-json\/wp\/v2\/categories?post=10785"},{"taxonomy":"post_tag","embeddable":true,"href":"https:\/\/cronicadesoledad.com\/index.php\/wp-json\/wp\/v2\/tags?post=10785"}],"curies":[{"name":"wp","href":"https:\/\/api.w.org\/{rel}","templated":true}]}}