{"id":10788,"date":"2024-05-22T20:00:00","date_gmt":"2024-05-23T02:00:00","guid":{"rendered":"https:\/\/cronicadesoledad.com\/?p=10788"},"modified":"2024-05-22T18:19:04","modified_gmt":"2024-05-23T00:19:04","slug":"recolectaron-22-toneladas-de-desechos-de-las-calles","status":"publish","type":"post","link":"https:\/\/cronicadesoledad.com\/index.php\/2024\/05\/22\/recolectaron-22-toneladas-de-desechos-de-las-calles\/","title":{"rendered":"Recolectaron 22 toneladas de desechos de las calles"},"content":{"rendered":"\n<p>El Gobierno Municipal de Soledad de Graciano S\u00e1nchez, mediante diversas \u00e1reas de Servicios Municipales, intensific\u00f3 sus labores de limpieza y mantenimiento en diversas calles y avenidas del municipio, con acciones de barrido manual y deshierbe, logrando una notable mejora en la imagen urbana y en la calidad de vida de las y los habitantes.<\/p>\n\n\n\n<p>La Direcci\u00f3n Municipal inform\u00f3 que se realizaron trabajos de limpieza en decenas de calles y avenidas donde se han recolectado m\u00e1s de 22 toneladas de desechos y maleza en tan solo una semana, mediante tres cuadrillas organizadas en diferentes horarios: la primera inicia de 7:00 a 15:00 horas con 13 personas; la segunda de 6:00 a 13:00 horas con 6 personas y la tercera de 13:00 a 20:00 horas con 4 personas.<\/p>\n\n\n\n<p>Algunas de las zonas que se han intervenido hasta el momento son la Avenidas Soledad, Siervos de la Naci\u00f3n, Pav\u00f3n, Del Valle, Acapulco, M\u00e9xico, San Lorenzo, Bellavista; colonias como Morelos 2, Vizcaya, Pav\u00f3n, San Felipe, entre otras, donde se han recolectado aproximadamente 2 toneladas de desechos en cada una, sumando un total de 22 toneladas de basura, hierba, maleza, hojas y tierra.<\/p>\n\n\n\n<p>Adem\u00e1s de las avenidas principales, se han realizado trabajos en otras colonias y calles, como la colonia Central de Maquinaria, espec\u00edficamente en las calles Antonio de Mendoza y Juan Luis Alarc\u00f3n; en la Avenida Parque Agua Azul en la colonia Foresta; Privada Chapultepec en fraccionamiento Salida del Sol; fraccionamiento Buenaventura, Privada de Las Rosas, Plaza Primera de Mayo en El Polvor\u00edn, colonia Ni\u00f1os H\u00e9roes, fraccionamiento Santa Luc\u00eda, y Privadas de San Pedro; calle de Galeana en El Morro, y en Rivas Guill\u00e9n se llevaron a cabo trabajos integrales de limpieza.<\/p>\n\n\n\n<p>Con la limpieza y el mantenimiento de todas las zonas de Soledad de Graciano S\u00e1nchez, se promueve un entorno m\u00e1s limpio y saludable para todos los habitantes, mejoran la visibilidad en las calles y avenidas, lo que contribuye a la seguridad vial y peatonal. Adem\u00e1s, elimina obst\u00e1culos que podr\u00edan causar accidentes.<\/p>\n","protected":false},"excerpt":{"rendered":"<p>El Gobierno Municipal de Soledad de Graciano S\u00e1nchez, mediante diversas \u00e1reas de Servicios Municipales, intensific\u00f3 sus labores de limpieza y mantenimiento en diversas calles y avenidas del municipio, con acciones de barrido manual y deshierbe, logrando una notable mejora en la imagen urbana y en la calidad de vida de las y los habitantes. La [&hellip;]<\/p>\n","protected":false},"author":2,"featured_media":10789,"comment_status":"open","ping_status":"open","sticky":false,"template":"","format":"standard","meta":{"footnotes":""},"categories":[24,21],"tags":[223,1391,2248,2249,1248,294,261,27],"class_list":{"0":"post-10788","1":"post","2":"type-post","3":"status-publish","4":"format-standard","5":"has-post-thumbnail","7":"category-informacion-general","8":"category-tu-soledad","9":"tag-ayuntamiento-soledense","10":"tag-basura","11":"tag-recolecta-de-basura","12":"tag-recolecta-de-desechos","13":"tag-residuos","14":"tag-san-luis","15":"tag-slp","16":"tag-soledad"},"_links":{"self":[{"href":"https:\/\/cronicadesoledad.com\/index.php\/wp-json\/wp\/v2\/posts\/10788","targetHints":{"allow":["GET"]}}],"collection":[{"href":"https:\/\/cronicadesoledad.com\/index.php\/wp-json\/wp\/v2\/posts"}],"about":[{"href":"https:\/\/cronicadesoledad.com\/index.php\/wp-json\/wp\/v2\/types\/post"}],"author":[{"embeddable":true,"href":"https:\/\/cronicadesoledad.com\/index.php\/wp-json\/wp\/v2\/users\/2"}],"replies":[{"embeddable":true,"href":"https:\/\/cronicadesoledad.com\/index.php\/wp-json\/wp\/v2\/comments?post=10788"}],"version-history":[{"count":1,"href":"https:\/\/cronicadesoledad.com\/index.php\/wp-json\/wp\/v2\/posts\/10788\/revisions"}],"predecessor-version":[{"id":10790,"href":"https:\/\/cronicadesoledad.com\/index.php\/wp-json\/wp\/v2\/posts\/10788\/revisions\/10790"}],"wp:featuredmedia":[{"embeddable":true,"href":"https:\/\/cronicadesoledad.com\/index.php\/wp-json\/wp\/v2\/media\/10789"}],"wp:attachment":[{"href":"https:\/\/cronicadesoledad.com\/index.php\/wp-json\/wp\/v2\/media?parent=10788"}],"wp:term":[{"taxonomy":"category","embeddable":true,"href":"https:\/\/cronicadesoledad.com\/index.php\/wp-json\/wp\/v2\/categories?post=10788"},{"taxonomy":"post_tag","embeddable":true,"href":"https:\/\/cronicadesoledad.com\/index.php\/wp-json\/wp\/v2\/tags?post=10788"}],"curies":[{"name":"wp","href":"https:\/\/api.w.org\/{rel}","templated":true}]}}