{"id":10850,"date":"2024-05-27T21:00:00","date_gmt":"2024-05-28T03:00:00","guid":{"rendered":"https:\/\/cronicadesoledad.com\/?p=10850"},"modified":"2024-05-27T16:37:47","modified_gmt":"2024-05-27T22:37:47","slug":"proteccion-civil-intensifica-acciones-preventivas-por-ola-de-calor","status":"publish","type":"post","link":"https:\/\/cronicadesoledad.com\/index.php\/2024\/05\/27\/proteccion-civil-intensifica-acciones-preventivas-por-ola-de-calor\/","title":{"rendered":"Protecci\u00f3n Civil intensifica acciones preventivas por ola de calor"},"content":{"rendered":"\n<p>Ante las altas temperaturas provocadas por la tercera ola de calor en la entidad, la Coordinaci\u00f3n Municipal de Protecci\u00f3n Civil de Soledad de Graciano S\u00e1nchez ha intensificado sus esfuerzos para proteger a la ciudadan\u00eda, especialmente a los m\u00e1s vulnerables como las y los ni\u00f1os, adultos mayores y las personas trabajadoras expuestas al sol.<\/p>\n\n\n\n<p>En esta l\u00ednea de acci\u00f3n, se han llevado a cabo visitas a varias escuelas del municipio, donde se han impartido pl\u00e1ticas informativas a alumnos, alumnas, madres y padres y personal educativo sobre la importancia de tomar medidas preventivas contra el calor extremo. Se ha enfatizado la necesidad de mantenerse hidratados adecuadamente con agua y consumir frutas frescas, evitando bebidas azucaradas que no contribuyen a una hidrataci\u00f3n efectiva.<\/p>\n\n\n\n<p>Adem\u00e1s, como parte de estas visitas, se han entregado sueros rehidratantes para que las y los estudiantes puedan usarlos seg\u00fan sea necesario durante los d\u00edas calurosos; estas acciones est\u00e1n destinadas a asegurar que la infancia pueda mantenerse saludable y protegida mientras realizan sus actividades diarias en la escuela.<\/p>\n\n\n\n<p>Hasta el momento, la temperatura m\u00e1s alta registrada en Soledad de Graciano S\u00e1nchez ha sido de 39\u00b0C y se pronostica que en los pr\u00f3ximos d\u00edas esta marca se supere, por lo que se pide a la ciudadan\u00eda trate de no exponerse a los rayos directos del sol en horario de 11 de la ma\u00f1ana a 4 de la tarde, e hidratarse constantemente, para prevenir problemas de salud relacionados con el calor.<\/p>\n","protected":false},"excerpt":{"rendered":"<p>Ante las altas temperaturas provocadas por la tercera ola de calor en la entidad, la Coordinaci\u00f3n Municipal de Protecci\u00f3n Civil de Soledad de Graciano S\u00e1nchez ha intensificado sus esfuerzos para proteger a la ciudadan\u00eda, especialmente a los m\u00e1s vulnerables como las y los ni\u00f1os, adultos mayores y las personas trabajadoras expuestas al sol. En esta [&hellip;]<\/p>\n","protected":false},"author":2,"featured_media":10851,"comment_status":"open","ping_status":"open","sticky":false,"template":"","format":"standard","meta":{"footnotes":""},"categories":[24,21],"tags":[2102,223,1878,294,261,27],"class_list":{"0":"post-10850","1":"post","2":"type-post","3":"status-publish","4":"format-standard","5":"has-post-thumbnail","7":"category-informacion-general","8":"category-tu-soledad","9":"tag-altas-temperaturas","10":"tag-ayuntamiento-soledense","11":"tag-proteccion-civil-2","12":"tag-san-luis","13":"tag-slp","14":"tag-soledad"},"_links":{"self":[{"href":"https:\/\/cronicadesoledad.com\/index.php\/wp-json\/wp\/v2\/posts\/10850","targetHints":{"allow":["GET"]}}],"collection":[{"href":"https:\/\/cronicadesoledad.com\/index.php\/wp-json\/wp\/v2\/posts"}],"about":[{"href":"https:\/\/cronicadesoledad.com\/index.php\/wp-json\/wp\/v2\/types\/post"}],"author":[{"embeddable":true,"href":"https:\/\/cronicadesoledad.com\/index.php\/wp-json\/wp\/v2\/users\/2"}],"replies":[{"embeddable":true,"href":"https:\/\/cronicadesoledad.com\/index.php\/wp-json\/wp\/v2\/comments?post=10850"}],"version-history":[{"count":1,"href":"https:\/\/cronicadesoledad.com\/index.php\/wp-json\/wp\/v2\/posts\/10850\/revisions"}],"predecessor-version":[{"id":10852,"href":"https:\/\/cronicadesoledad.com\/index.php\/wp-json\/wp\/v2\/posts\/10850\/revisions\/10852"}],"wp:featuredmedia":[{"embeddable":true,"href":"https:\/\/cronicadesoledad.com\/index.php\/wp-json\/wp\/v2\/media\/10851"}],"wp:attachment":[{"href":"https:\/\/cronicadesoledad.com\/index.php\/wp-json\/wp\/v2\/media?parent=10850"}],"wp:term":[{"taxonomy":"category","embeddable":true,"href":"https:\/\/cronicadesoledad.com\/index.php\/wp-json\/wp\/v2\/categories?post=10850"},{"taxonomy":"post_tag","embeddable":true,"href":"https:\/\/cronicadesoledad.com\/index.php\/wp-json\/wp\/v2\/tags?post=10850"}],"curies":[{"name":"wp","href":"https:\/\/api.w.org\/{rel}","templated":true}]}}