{"id":10861,"date":"2024-05-28T21:00:00","date_gmt":"2024-05-29T03:00:00","guid":{"rendered":"https:\/\/cronicadesoledad.com\/?p=10861"},"modified":"2024-05-28T17:47:31","modified_gmt":"2024-05-28T23:47:31","slug":"obra-teatral-para-ninos-ducky-y-el-vagon-magico-este-jueves","status":"publish","type":"post","link":"https:\/\/cronicadesoledad.com\/index.php\/2024\/05\/28\/obra-teatral-para-ninos-ducky-y-el-vagon-magico-este-jueves\/","title":{"rendered":"Obra teatral para ni\u00f1os \u201cDucky y el Vag\u00f3n M\u00e1gico\u201d, este jueves"},"content":{"rendered":"\n<p>Esta semana, familias soledenses y visitantes est\u00e1n cordialmente invitadas a un evento gratuito, dirigido a ni\u00f1as, ni\u00f1os y adolescentes, que contar\u00e1 con la participaci\u00f3n estelar de Ruth Dobler, una actriz reconocida a nivel nacional, &#8220;Ducky y el Vag\u00f3n M\u00e1gico&#8221;, que se realizar\u00e1 este jueves 30 de mayo a las 6 de la tarde; en el majestuoso Teatro y Centro Cultural \u201cDoroteo Arango\u201d.<\/p>\n\n\n\n<p>Esta obra de teatro se suma a un sinf\u00edn de actividades que se han realizado en estas instalaciones, en coordinaci\u00f3n con Gobierno del Estado, a unos meses de su inauguraci\u00f3n, consolidando a Soledad de Graciano S\u00e1nchez como espacio de creatividad y cultura para toda la ciudadan\u00eda, emergiendo r\u00e1pidamente como un referente en la escena cultural del Estado potosino.<\/p>\n\n\n\n<p>Dise\u00f1ado con instalaciones de primera categor\u00eda, este espacio se ha erigido como un refugio c\u00f3modo y acogedor para todas y todos sus visitantes, el cual ha sido testigo de espect\u00e1culos de talla nacional e internacional, destacando entre ellos la puesta en escena para beb\u00e9s &#8220;OMBLIGO&#8221;, realizada por \u201c\u00a1Caracoles! Danza Teatro\u201d, reconocidos en toda la rep\u00fablica mexicana.<\/p>\n\n\n\n<p>Adem\u00e1s de ofrecer espect\u00e1culos de calidad, el Centro Cultural \u201cDoroteo Arango\u201d se dedica a la formaci\u00f3n art\u00edstica, contando con talleres de guitarra e iniciaci\u00f3n teatral implementados por la Direcci\u00f3n Municipal de Cultura, as\u00ed como el reci\u00e9n concluido taller de Comic, brindando oportunidades de aprendizaje y desarrollo a la comunidad.<\/p>\n\n\n\n<p>El Centro Cultural y Teatro \u201cDoroteo Arango\u201d est\u00e1 ubicado en la Colonia Rancho Blanco, calle Santa Marta #523, y est\u00e1 abierto a todos aquellos interesados de sumergirse en un mundo de arte y cultura, adem\u00e1s se esperan muchos m\u00e1s espect\u00e1culos para toda la familia.<\/p>\n","protected":false},"excerpt":{"rendered":"<p>Esta semana, familias soledenses y visitantes est\u00e1n cordialmente invitadas a un evento gratuito, dirigido a ni\u00f1as, ni\u00f1os y adolescentes, que contar\u00e1 con la participaci\u00f3n estelar de Ruth Dobler, una actriz reconocida a nivel nacional, &#8220;Ducky y el Vag\u00f3n M\u00e1gico&#8221;, que se realizar\u00e1 este jueves 30 de mayo a las 6 de la tarde; en el [&hellip;]<\/p>\n","protected":false},"author":2,"featured_media":10862,"comment_status":"open","ping_status":"open","sticky":false,"template":"","format":"standard","meta":{"footnotes":""},"categories":[24,21],"tags":[223,2274,2272,2273,294,261,27,1796],"class_list":{"0":"post-10861","1":"post","2":"type-post","3":"status-publish","4":"format-standard","5":"has-post-thumbnail","7":"category-informacion-general","8":"category-tu-soledad","9":"tag-ayuntamiento-soledense","10":"tag-ducky-y-el-vagon-magico","11":"tag-obra","12":"tag-obra-de-teatro","13":"tag-san-luis","14":"tag-slp","15":"tag-soledad","16":"tag-teatro"},"_links":{"self":[{"href":"https:\/\/cronicadesoledad.com\/index.php\/wp-json\/wp\/v2\/posts\/10861","targetHints":{"allow":["GET"]}}],"collection":[{"href":"https:\/\/cronicadesoledad.com\/index.php\/wp-json\/wp\/v2\/posts"}],"about":[{"href":"https:\/\/cronicadesoledad.com\/index.php\/wp-json\/wp\/v2\/types\/post"}],"author":[{"embeddable":true,"href":"https:\/\/cronicadesoledad.com\/index.php\/wp-json\/wp\/v2\/users\/2"}],"replies":[{"embeddable":true,"href":"https:\/\/cronicadesoledad.com\/index.php\/wp-json\/wp\/v2\/comments?post=10861"}],"version-history":[{"count":1,"href":"https:\/\/cronicadesoledad.com\/index.php\/wp-json\/wp\/v2\/posts\/10861\/revisions"}],"predecessor-version":[{"id":10863,"href":"https:\/\/cronicadesoledad.com\/index.php\/wp-json\/wp\/v2\/posts\/10861\/revisions\/10863"}],"wp:featuredmedia":[{"embeddable":true,"href":"https:\/\/cronicadesoledad.com\/index.php\/wp-json\/wp\/v2\/media\/10862"}],"wp:attachment":[{"href":"https:\/\/cronicadesoledad.com\/index.php\/wp-json\/wp\/v2\/media?parent=10861"}],"wp:term":[{"taxonomy":"category","embeddable":true,"href":"https:\/\/cronicadesoledad.com\/index.php\/wp-json\/wp\/v2\/categories?post=10861"},{"taxonomy":"post_tag","embeddable":true,"href":"https:\/\/cronicadesoledad.com\/index.php\/wp-json\/wp\/v2\/tags?post=10861"}],"curies":[{"name":"wp","href":"https:\/\/api.w.org\/{rel}","templated":true}]}}